{"id":14195,"date":"2026-03-17T12:12:56","date_gmt":"2026-03-17T11:12:56","guid":{"rendered":"https:\/\/www.groupesenef.com\/?p=14195"},"modified":"2026-04-29T15:47:37","modified_gmt":"2026-04-29T13:47:37","slug":"el-grupo-senef-abre-un-nuevo-capitulo-en-su-desarrollo","status":"publish","type":"post","link":"https:\/\/www.groupesenef.com\/es\/groupe-senef-ouvre-un-nouveau-chapitre-de-son-developpement\/","title":{"rendered":"Comunicado de prensa: El Grupo SENEF abre un nuevo cap\u00edtulo en su desarrollo"},"content":{"rendered":"<h2><b>Groupe SENEF abre un nuevo cap\u00edtulo en su desarrollo uniendo fuerzas con Oakley Capital para acelerar sus ambiciones<\/b><\/h2>\n<p><b>Groupe SENEF, editor franc\u00e9s de software empresarial dedicado a las empresas de servicios, anuncia que Oakley Capital, inversor paneuropeo reconocido por su capacidad para apoyar a los fundadores en la aceleraci\u00f3n de su crecimiento, se ha convertido en accionista de la empresa. Esta asociaci\u00f3n representa un gran paso adelante para Groupe SENEF. Permitir\u00e1 a la empresa acelerar la inversi\u00f3n en su plataforma tecnol\u00f3gica, intensificar la innovaci\u00f3n de sus productos y reforzar la calidad del servicio en el centro de su modelo de negocio, al tiempo que le permitir\u00e1 desempe\u00f1ar un papel activo en el mercado del software empresarial, en r\u00e1pida evoluci\u00f3n.<\/b><\/p>\n<p><span style=\"font-weight: 400;\">Fundado en 2011, Groupe SENEF se cre\u00f3 en torno a una convicci\u00f3n simple: las empresas de servicios necesitan herramientas de gesti\u00f3n dise\u00f1adas espec\u00edficamente para sus negocios, capaces de simplificar la gesti\u00f3n diaria de sus operaciones, sus equipos y sus actividades.<\/span><\/p>\n<p><span style=\"font-weight: 400;\">Autofinanciada desde su creaci\u00f3n, la empresa se ha desarrollado progresivamente en torno a una serie de l\u00edneas de negocio intensivas en recursos humanos y a\u00fan insuficientemente digitalizadas, en particular :<\/span><\/p>\n<ul>\n<li style=\"font-weight: 400;\" aria-level=\"1\"><span style=\"font-weight: 400;\">Gesti\u00f3n de instalaciones (limpieza, hoteles) ;<\/span><\/li>\n<li style=\"font-weight: 400;\" aria-level=\"1\"><span style=\"font-weight: 400;\">Servicios personales e independientes;<\/span><\/li>\n<li style=\"font-weight: 400;\" aria-level=\"1\"><span style=\"font-weight: 400;\">Seguridad y vigilancia<\/span><\/li>\n<\/ul>\n<p><span style=\"font-weight: 400;\">Presente ya en doce pa\u00edses y al servicio de m\u00e1s de 2.000 organizaciones, el Grupo SENEF da con esta asociaci\u00f3n un paso decisivo en su desarrollo.<\/span><\/p>\n<h3><b>Aceleraci\u00f3n en Francia y Europa para ayudar a estructurar un mercado en consolidaci\u00f3n<\/b><\/h3>\n<p><span style=\"font-weight: 400;\">Esta asociaci\u00f3n con Oakley Capital permitir\u00e1 al Grupo SENEF dar un nuevo paso comercial, tecnol\u00f3gico e internacional. El objetivo es acelerar el despliegue de las soluciones del Grupo en Europa, reforzar sus equipos e invertir en el desarrollo de su plataforma para responder a la creciente necesidad de digitalizaci\u00f3n en sectores en los que los retos de productividad, gesti\u00f3n y coordinaci\u00f3n de equipos siguen siendo especialmente elevados. Esta asociaci\u00f3n tambi\u00e9n deber\u00eda permitir al Grupo desempe\u00f1ar un papel activo en la estructuraci\u00f3n y consolidaci\u00f3n del mercado europeo de ERP para empresas, que sigue estando muy fragmentado, con el fin de ofrecer a las empresas de servicios soluciones m\u00e1s s\u00f3lidas, integradas y sostenibles.<\/span><\/p>\n<p><span style=\"font-weight: 400;\">Al asociarse con un reconocido inversor paneuropeo que apoya a los equipos fundadores y a los emprendedores en sus trayectorias de crecimiento, el Grupo SENEF pretende <\/span><b>preservar lo que la hace \u00fanica<\/b><span style=\"font-weight: 400;\"> Tenemos un fuerte ADN empresarial, estrechos v\u00ednculos con nuestras empresas y un enfoque en soluciones \u00fatiles dise\u00f1adas para satisfacer las necesidades operativas de las empresas de servicios.<\/span><\/p>\n<h3><b>Aceleraci\u00f3n tecnol\u00f3gica en torno a la IA y la automatizaci\u00f3n<\/b><\/h3>\n<p><span style=\"font-weight: 400;\">El Grupo SENEF aspira a consolidar su <\/span><b>posicionamiento como socio de referencia<\/b><span style=\"font-weight: 400;\"> a trav\u00e9s de una plataforma empresarial todo en uno totalmente integrada, que le permite gestionar su negocio, equipos, n\u00f3minas, contabilidad, calidad e interacciones sobre el terreno en un \u00fanico entorno.<\/span><\/p>\n<p><span style=\"font-weight: 400;\">Para ello, la empresa intensificar\u00e1 su inversi\u00f3n en tecnolog\u00eda para mejorar sus plataformas con nuevos bloques de inteligencia artificial y automatizaci\u00f3n, especialmente en las \u00e1reas de optimizaci\u00f3n de horarios, gesti\u00f3n de documentos y agilizaci\u00f3n de procesos administrativos, lo que permitir\u00e1 a sus clientes mejorar su eficiencia y transformaci\u00f3n digital. La empresa ya puede recurrir a integraciones con varios actores tecnol\u00f3gicos l\u00edderes, como Silae, l\u00edder franc\u00e9s en n\u00f3minas, y Pennylane, una plataforma de gesti\u00f3n contable y financiera. Estas integraciones ayudan a ofrecer una experiencia de cliente m\u00e1s fluida, unificada y eficiente.<\/span><\/p>\n<p><span style=\"font-weight: 400;\">El Grupo SENEF tambi\u00e9n tiene la intenci\u00f3n de ampliar progresivamente su presencia en nuevas verticales de servicios con elevados recursos humanos y fuerte potencial, como el mantenimiento de propiedades y determinados nichos de mercado especializados en higiene y limpieza. Al mismo tiempo, el Grupo seguir\u00e1 contratando personal para apoyar su crecimiento en Francia y en el extranjero, en particular reforzando sus equipos de productos, tecnolog\u00eda y atenci\u00f3n al cliente.<\/span><\/p>\n<p><span style=\"font-weight: 400;\">Para apoyar esta nueva fase de desarrollo, el Grupo SENEF refuerza tambi\u00e9n su gobernanza. Jim Darragh, uno de los ejecutivos de software m\u00e1s experimentados de Europa, se une al Consejo de Administraci\u00f3n. Ha ocupado puestos de Director General en cinco editores de software y, en particular, ha gestionado m\u00e1s de 500 % de crecimiento en TotalMobile, empresa europea l\u00edder en software de gesti\u00f3n de servicios de campo. Utilizar\u00e1 esta experiencia para apoyar las ambiciones europeas del Grupo SENEF y acelerar su plan de desarrollo.<\/span><\/p>\n<p><i><span style=\"font-weight: 400;\">\u00abDesde el primer d\u00eda, la misi\u00f3n de GROUPE SENEF ha seguido siendo la misma: ofrecer la soluci\u00f3n SaaS m\u00e1s sencilla y eficaz que mejor se adapte a las limitaciones sobre el terreno de las empresas de servicios. Nuestras plataformas se han construido paso a paso, junto a nuestros clientes. Es muy importante mantener esta cultura, porque ha demostrado su eficacia. La llegada de Oakley Capital marca un momento muy importante para nosotros: nos permitir\u00e1 acelerar nuestras ambiciones e impulsar nuestra visi\u00f3n de convertirnos en un actor clave en Francia y Europa, manteni\u00e9ndonos fieles a lo que ha sido nuestra fuerza desde el primer d\u00eda: nuestra proximidad a la empresa y nuestro sentido del servicio.\u00bb<\/span><\/i><\/p>\n<p><b>Momar Mbaye y Tariq Hamadouch<\/b><span style=\"font-weight: 400;\"><br \/>\n<\/span><span style=\"font-weight: 400;\">Fundadores y directores del Grupo SENEF<\/span><\/p>\n<p>M\u00e1s informaci\u00f3n sobre esta asociaci\u00f3n en nuestra p\u00e1gina de LinkedIn: <a href=\"https:\/\/www.linkedin.com\/posts\/groupe-senef_groupesenef-levaezedefonds-erp-activity-7439588935023874048-JRE0\/\">Pulse aqu\u00ed<\/a><\/p>\n<h2><b>Acerca del Grupo SENEF<\/b><\/h2>\n<p><span style=\"font-weight: 400;\">Groupe SENEF es un editor franc\u00e9s de software empresarial SaaS dedicado a las empresas de servicios. El grupo desarrolla soluciones web y m\u00f3viles de apoyo a la gesti\u00f3n, la planificaci\u00f3n, los recursos humanos, las n\u00f3minas, la facturaci\u00f3n, la calidad y el control operativo en diversos sectores, como la limpieza, los servicios personales, las residencias de la tercera edad, la seguridad y la hosteler\u00eda.<\/span><\/p>\n<h2><b>Acerca de Oakley Capital<\/b><\/h2>\n<p><span style=\"font-weight: 400;\">Fundado hace 20 a\u00f1os para convertirse en el socio preferido de emprendedores y fundadores excepcionales, Oakley Capital es uno de los principales fondos europeos especializados en tecnolog\u00eda y servicios B2B. El fondo apoya a fundadores y equipos directivos en la aceleraci\u00f3n sostenible de sus negocios, centr\u00e1ndose en asociaciones a largo plazo y una fuerte alineaci\u00f3n empresarial. Oakley ha invertido recientemente en varias empresas tecnol\u00f3gicas francesas, entre ellas Brevo e i-Tracing.<\/span><\/p>\n<h3><b>Contacto de prensa<\/b><\/h3>\n<p><span style=\"font-weight: 400;\">Simon Martzel<\/span><\/p>\n<p><span style=\"font-weight: 400;\">Vae Solis<\/span><\/p>\n<p><span style=\"font-weight: 400;\">M\u00f3vil: +33 6 33 77 04 60<\/span><\/p>","protected":false},"excerpt":{"rendered":"<p>Groupe Senef une fuerzas con Oakley Capital para acelerar su desarrollo y reforzar la innovaci\u00f3n en torno a su software empresarial.<\/p>","protected":false},"author":5,"featured_media":13987,"comment_status":"closed","ping_status":"open","sticky":false,"template":"","format":"gallery","meta":{"_acf_changed":false,"footnotes":""},"categories":[52],"tags":[65,66,67],"class_list":["post-14195","post","type-post","status-publish","format-gallery","has-post-thumbnail","hentry","category-transformation","tag-communique-de-presse","tag-groupe-senef","tag-oakley-capital","post_format-post-format-gallery"],"acf":[],"yoast_head":"<!-- This site is optimized with the Yoast SEO plugin v27.4 - https:\/\/yoast.com\/product\/yoast-seo-wordpress\/ -->\n<title>Groupe SENEF ouvre un nouveau chapitre de son d\u00e9veloppement<\/title>\n<meta name=\"description\" content=\"Groupe SENEF ouvre un nouveau chapitre de son d\u00e9veloppement en s\u2019associant \u00e0 Oakley Capital pour acc\u00e9l\u00e9rer son ambition\" \/>\n<meta name=\"robots\" content=\"index, follow, max-snippet:-1, max-image-preview:large, max-video-preview:-1\" \/>\n<link rel=\"canonical\" href=\"https:\/\/www.groupesenef.com\/es\/el-grupo-senef-abre-un-nuevo-capitulo-en-su-desarrollo\/\" \/>\n<meta property=\"og:locale\" content=\"es_ES\" \/>\n<meta property=\"og:type\" content=\"article\" \/>\n<meta property=\"og:title\" content=\"Groupe SENEF ouvre un nouveau chapitre de son d\u00e9veloppement\" \/>\n<meta property=\"og:description\" content=\"Groupe SENEF ouvre un nouveau chapitre de son d\u00e9veloppement en s\u2019associant \u00e0 Oakley Capital pour acc\u00e9l\u00e9rer son ambition\" \/>\n<meta property=\"og:url\" content=\"https:\/\/www.groupesenef.com\/es\/el-grupo-senef-abre-un-nuevo-capitulo-en-su-desarrollo\/\" \/>\n<meta property=\"og:site_name\" content=\"Groupe Senef\" \/>\n<meta property=\"article:publisher\" content=\"https:\/\/www.facebook.com\/groupesenef\/?locale=fr_FR\" \/>\n<meta property=\"article:published_time\" content=\"2026-03-17T11:12:56+00:00\" \/>\n<meta property=\"article:modified_time\" content=\"2026-04-29T13:47:37+00:00\" \/>\n<meta property=\"og:image\" content=\"https:\/\/www.groupesenef.com\/wp-content\/uploads\/2026\/03\/Groupe-Senef-accelere-son-developpement-e1774892811603.png\" \/>\n\t<meta property=\"og:image:width\" content=\"733\" \/>\n\t<meta property=\"og:image:height\" content=\"675\" \/>\n\t<meta property=\"og:image:type\" content=\"image\/png\" \/>\n<meta name=\"author\" content=\"Victoria Raufaste\" \/>\n<meta name=\"twitter:card\" content=\"summary_large_image\" \/>\n<meta name=\"twitter:label1\" content=\"Escrito por\" \/>\n\t<meta name=\"twitter:data1\" content=\"Victoria Raufaste\" \/>\n\t<meta name=\"twitter:label2\" content=\"Tiempo de lectura\" \/>\n\t<meta name=\"twitter:data2\" content=\"6 minutos\" \/>\n<script type=\"application\/ld+json\" class=\"yoast-schema-graph\">{\"@context\":\"https:\\\/\\\/schema.org\",\"@graph\":[{\"@type\":\"Article\",\"@id\":\"https:\\\/\\\/www.groupesenef.com\\\/groupe-senef-ouvre-un-nouveau-chapitre-de-son-developpement\\\/#article\",\"isPartOf\":{\"@id\":\"https:\\\/\\\/www.groupesenef.com\\\/groupe-senef-ouvre-un-nouveau-chapitre-de-son-developpement\\\/\"},\"author\":{\"name\":\"Victoria Raufaste\",\"@id\":\"https:\\\/\\\/www.groupesenef.com\\\/#\\\/schema\\\/person\\\/3c564995fd7f63ac71a862837750fce0\"},\"headline\":\"Communiqu\u00e9 de presse : Groupe SENEF ouvre un nouveau chapitre de son d\u00e9veloppement\",\"datePublished\":\"2026-03-17T11:12:56+00:00\",\"dateModified\":\"2026-04-29T13:47:37+00:00\",\"mainEntityOfPage\":{\"@id\":\"https:\\\/\\\/www.groupesenef.com\\\/groupe-senef-ouvre-un-nouveau-chapitre-de-son-developpement\\\/\"},\"wordCount\":1133,\"publisher\":{\"@id\":\"https:\\\/\\\/www.groupesenef.com\\\/#organization\"},\"image\":{\"@id\":\"https:\\\/\\\/www.groupesenef.com\\\/groupe-senef-ouvre-un-nouveau-chapitre-de-son-developpement\\\/#primaryimage\"},\"thumbnailUrl\":\"https:\\\/\\\/www.groupesenef.com\\\/wp-content\\\/uploads\\\/2026\\\/03\\\/Groupe-Senef-accelere-son-developpement-e1774892811603.png\",\"keywords\":[\"Communiqu\u00e9 de presse\",\"Groupe Senef\",\"Oakley Capital\"],\"articleSection\":[\"Transformation\"],\"inLanguage\":\"es\"},{\"@type\":\"WebPage\",\"@id\":\"https:\\\/\\\/www.groupesenef.com\\\/groupe-senef-ouvre-un-nouveau-chapitre-de-son-developpement\\\/\",\"url\":\"https:\\\/\\\/www.groupesenef.com\\\/groupe-senef-ouvre-un-nouveau-chapitre-de-son-developpement\\\/\",\"name\":\"Groupe SENEF ouvre un nouveau chapitre de son d\u00e9veloppement\",\"isPartOf\":{\"@id\":\"https:\\\/\\\/www.groupesenef.com\\\/#website\"},\"primaryImageOfPage\":{\"@id\":\"https:\\\/\\\/www.groupesenef.com\\\/groupe-senef-ouvre-un-nouveau-chapitre-de-son-developpement\\\/#primaryimage\"},\"image\":{\"@id\":\"https:\\\/\\\/www.groupesenef.com\\\/groupe-senef-ouvre-un-nouveau-chapitre-de-son-developpement\\\/#primaryimage\"},\"thumbnailUrl\":\"https:\\\/\\\/www.groupesenef.com\\\/wp-content\\\/uploads\\\/2026\\\/03\\\/Groupe-Senef-accelere-son-developpement-e1774892811603.png\",\"datePublished\":\"2026-03-17T11:12:56+00:00\",\"dateModified\":\"2026-04-29T13:47:37+00:00\",\"description\":\"Groupe SENEF ouvre un nouveau chapitre de son d\u00e9veloppement en s\u2019associant \u00e0 Oakley Capital pour acc\u00e9l\u00e9rer son ambition\",\"breadcrumb\":{\"@id\":\"https:\\\/\\\/www.groupesenef.com\\\/groupe-senef-ouvre-un-nouveau-chapitre-de-son-developpement\\\/#breadcrumb\"},\"inLanguage\":\"es\",\"potentialAction\":[{\"@type\":\"ReadAction\",\"target\":[\"https:\\\/\\\/www.groupesenef.com\\\/groupe-senef-ouvre-un-nouveau-chapitre-de-son-developpement\\\/\"]}]},{\"@type\":\"ImageObject\",\"inLanguage\":\"es\",\"@id\":\"https:\\\/\\\/www.groupesenef.com\\\/groupe-senef-ouvre-un-nouveau-chapitre-de-son-developpement\\\/#primaryimage\",\"url\":\"https:\\\/\\\/www.groupesenef.com\\\/wp-content\\\/uploads\\\/2026\\\/03\\\/Groupe-Senef-accelere-son-developpement-e1774892811603.png\",\"contentUrl\":\"https:\\\/\\\/www.groupesenef.com\\\/wp-content\\\/uploads\\\/2026\\\/03\\\/Groupe-Senef-accelere-son-developpement-e1774892811603.png\",\"width\":733,\"height\":675,\"caption\":\"Groupe SENEF ouvre un nouveau chapitre de son d\u00e9veloppement\"},{\"@type\":\"BreadcrumbList\",\"@id\":\"https:\\\/\\\/www.groupesenef.com\\\/groupe-senef-ouvre-un-nouveau-chapitre-de-son-developpement\\\/#breadcrumb\",\"itemListElement\":[{\"@type\":\"ListItem\",\"position\":1,\"name\":\"Accueil\",\"item\":\"https:\\\/\\\/www.groupesenef.com\\\/\"},{\"@type\":\"ListItem\",\"position\":2,\"name\":\"Communiqu\u00e9 de presse : Groupe SENEF ouvre un nouveau chapitre de son d\u00e9veloppement\"}]},{\"@type\":\"WebSite\",\"@id\":\"https:\\\/\\\/www.groupesenef.com\\\/#website\",\"url\":\"https:\\\/\\\/www.groupesenef.com\\\/\",\"name\":\"Groupe Senef\",\"description\":\"\",\"publisher\":{\"@id\":\"https:\\\/\\\/www.groupesenef.com\\\/#organization\"},\"potentialAction\":[{\"@type\":\"SearchAction\",\"target\":{\"@type\":\"EntryPoint\",\"urlTemplate\":\"https:\\\/\\\/www.groupesenef.com\\\/?s={search_term_string}\"},\"query-input\":{\"@type\":\"PropertyValueSpecification\",\"valueRequired\":true,\"valueName\":\"search_term_string\"}}],\"inLanguage\":\"es\"},{\"@type\":\"Organization\",\"@id\":\"https:\\\/\\\/www.groupesenef.com\\\/#organization\",\"name\":\"Groupe Senef\",\"url\":\"https:\\\/\\\/www.groupesenef.com\\\/\",\"logo\":{\"@type\":\"ImageObject\",\"inLanguage\":\"es\",\"@id\":\"https:\\\/\\\/www.groupesenef.com\\\/#\\\/schema\\\/logo\\\/image\\\/\",\"url\":\"https:\\\/\\\/www.groupesenef.com\\\/wp-content\\\/uploads\\\/2026\\\/02\\\/Calque_1-13.svg\",\"contentUrl\":\"https:\\\/\\\/www.groupesenef.com\\\/wp-content\\\/uploads\\\/2026\\\/02\\\/Calque_1-13.svg\",\"width\":281,\"height\":49,\"caption\":\"Groupe Senef\"},\"image\":{\"@id\":\"https:\\\/\\\/www.groupesenef.com\\\/#\\\/schema\\\/logo\\\/image\\\/\"},\"sameAs\":[\"https:\\\/\\\/www.facebook.com\\\/groupesenef\\\/?locale=fr_FR\"]},{\"@type\":\"Person\",\"@id\":\"https:\\\/\\\/www.groupesenef.com\\\/#\\\/schema\\\/person\\\/3c564995fd7f63ac71a862837750fce0\",\"name\":\"Victoria Raufaste\",\"image\":{\"@type\":\"ImageObject\",\"inLanguage\":\"es\",\"@id\":\"https:\\\/\\\/secure.gravatar.com\\\/avatar\\\/7f4463db18007361542f7b455ad7542ccfaddf875c63c7861cc06dc32d0ad8b5?s=96&d=mm&r=g\",\"url\":\"https:\\\/\\\/secure.gravatar.com\\\/avatar\\\/7f4463db18007361542f7b455ad7542ccfaddf875c63c7861cc06dc32d0ad8b5?s=96&d=mm&r=g\",\"contentUrl\":\"https:\\\/\\\/secure.gravatar.com\\\/avatar\\\/7f4463db18007361542f7b455ad7542ccfaddf875c63c7861cc06dc32d0ad8b5?s=96&d=mm&r=g\",\"caption\":\"Victoria Raufaste\"},\"url\":\"https:\\\/\\\/www.groupesenef.com\\\/es\\\/author\\\/victoria\\\/\"}]}<\/script>\n<!-- \/ Yoast SEO plugin. -->","yoast_head_json":{"title":"El Grupo SENEF abre un nuevo cap\u00edtulo en su desarrollo","description":"Groupe SENEF abre un nuevo cap\u00edtulo en su desarrollo uniendo fuerzas con Oakley Capital para acelerar sus ambiciones","robots":{"index":"index","follow":"follow","max-snippet":"max-snippet:-1","max-image-preview":"max-image-preview:large","max-video-preview":"max-video-preview:-1"},"canonical":"https:\/\/www.groupesenef.com\/es\/el-grupo-senef-abre-un-nuevo-capitulo-en-su-desarrollo\/","og_locale":"es_ES","og_type":"article","og_title":"Groupe SENEF ouvre un nouveau chapitre de son d\u00e9veloppement","og_description":"Groupe SENEF ouvre un nouveau chapitre de son d\u00e9veloppement en s\u2019associant \u00e0 Oakley Capital pour acc\u00e9l\u00e9rer son ambition","og_url":"https:\/\/www.groupesenef.com\/es\/el-grupo-senef-abre-un-nuevo-capitulo-en-su-desarrollo\/","og_site_name":"Groupe Senef","article_publisher":"https:\/\/www.facebook.com\/groupesenef\/?locale=fr_FR","article_published_time":"2026-03-17T11:12:56+00:00","article_modified_time":"2026-04-29T13:47:37+00:00","og_image":[{"width":733,"height":675,"url":"https:\/\/www.groupesenef.com\/wp-content\/uploads\/2026\/03\/Groupe-Senef-accelere-son-developpement-e1774892811603.png","type":"image\/png"}],"author":"Victoria Raufaste","twitter_card":"summary_large_image","twitter_misc":{"Escrito por":"Victoria Raufaste","Tiempo de lectura":"6 minutos"},"schema":{"@context":"https:\/\/schema.org","@graph":[{"@type":"Article","@id":"https:\/\/www.groupesenef.com\/groupe-senef-ouvre-un-nouveau-chapitre-de-son-developpement\/#article","isPartOf":{"@id":"https:\/\/www.groupesenef.com\/groupe-senef-ouvre-un-nouveau-chapitre-de-son-developpement\/"},"author":{"name":"Victoria Raufaste","@id":"https:\/\/www.groupesenef.com\/#\/schema\/person\/3c564995fd7f63ac71a862837750fce0"},"headline":"Communiqu\u00e9 de presse : Groupe SENEF ouvre un nouveau chapitre de son d\u00e9veloppement","datePublished":"2026-03-17T11:12:56+00:00","dateModified":"2026-04-29T13:47:37+00:00","mainEntityOfPage":{"@id":"https:\/\/www.groupesenef.com\/groupe-senef-ouvre-un-nouveau-chapitre-de-son-developpement\/"},"wordCount":1133,"publisher":{"@id":"https:\/\/www.groupesenef.com\/#organization"},"image":{"@id":"https:\/\/www.groupesenef.com\/groupe-senef-ouvre-un-nouveau-chapitre-de-son-developpement\/#primaryimage"},"thumbnailUrl":"https:\/\/www.groupesenef.com\/wp-content\/uploads\/2026\/03\/Groupe-Senef-accelere-son-developpement-e1774892811603.png","keywords":["Communiqu\u00e9 de presse","Groupe Senef","Oakley Capital"],"articleSection":["Transformation"],"inLanguage":"es"},{"@type":"WebPage","@id":"https:\/\/www.groupesenef.com\/groupe-senef-ouvre-un-nouveau-chapitre-de-son-developpement\/","url":"https:\/\/www.groupesenef.com\/groupe-senef-ouvre-un-nouveau-chapitre-de-son-developpement\/","name":"El Grupo SENEF abre un nuevo cap\u00edtulo en su desarrollo","isPartOf":{"@id":"https:\/\/www.groupesenef.com\/#website"},"primaryImageOfPage":{"@id":"https:\/\/www.groupesenef.com\/groupe-senef-ouvre-un-nouveau-chapitre-de-son-developpement\/#primaryimage"},"image":{"@id":"https:\/\/www.groupesenef.com\/groupe-senef-ouvre-un-nouveau-chapitre-de-son-developpement\/#primaryimage"},"thumbnailUrl":"https:\/\/www.groupesenef.com\/wp-content\/uploads\/2026\/03\/Groupe-Senef-accelere-son-developpement-e1774892811603.png","datePublished":"2026-03-17T11:12:56+00:00","dateModified":"2026-04-29T13:47:37+00:00","description":"Groupe SENEF abre un nuevo cap\u00edtulo en su desarrollo uniendo fuerzas con Oakley Capital para acelerar sus ambiciones","breadcrumb":{"@id":"https:\/\/www.groupesenef.com\/groupe-senef-ouvre-un-nouveau-chapitre-de-son-developpement\/#breadcrumb"},"inLanguage":"es","potentialAction":[{"@type":"ReadAction","target":["https:\/\/www.groupesenef.com\/groupe-senef-ouvre-un-nouveau-chapitre-de-son-developpement\/"]}]},{"@type":"ImageObject","inLanguage":"es","@id":"https:\/\/www.groupesenef.com\/groupe-senef-ouvre-un-nouveau-chapitre-de-son-developpement\/#primaryimage","url":"https:\/\/www.groupesenef.com\/wp-content\/uploads\/2026\/03\/Groupe-Senef-accelere-son-developpement-e1774892811603.png","contentUrl":"https:\/\/www.groupesenef.com\/wp-content\/uploads\/2026\/03\/Groupe-Senef-accelere-son-developpement-e1774892811603.png","width":733,"height":675,"caption":"Groupe SENEF ouvre un nouveau chapitre de son d\u00e9veloppement"},{"@type":"BreadcrumbList","@id":"https:\/\/www.groupesenef.com\/groupe-senef-ouvre-un-nouveau-chapitre-de-son-developpement\/#breadcrumb","itemListElement":[{"@type":"ListItem","position":1,"name":"Accueil","item":"https:\/\/www.groupesenef.com\/"},{"@type":"ListItem","position":2,"name":"Communiqu\u00e9 de presse : Groupe SENEF ouvre un nouveau chapitre de son d\u00e9veloppement"}]},{"@type":"WebSite","@id":"https:\/\/www.groupesenef.com\/#website","url":"https:\/\/www.groupesenef.com\/","name":"Grupo Senef","description":"","publisher":{"@id":"https:\/\/www.groupesenef.com\/#organization"},"potentialAction":[{"@type":"SearchAction","target":{"@type":"EntryPoint","urlTemplate":"https:\/\/www.groupesenef.com\/?s={search_term_string}"},"query-input":{"@type":"PropertyValueSpecification","valueRequired":true,"valueName":"search_term_string"}}],"inLanguage":"es"},{"@type":"Organization","@id":"https:\/\/www.groupesenef.com\/#organization","name":"Grupo Senef","url":"https:\/\/www.groupesenef.com\/","logo":{"@type":"ImageObject","inLanguage":"es","@id":"https:\/\/www.groupesenef.com\/#\/schema\/logo\/image\/","url":"https:\/\/www.groupesenef.com\/wp-content\/uploads\/2026\/02\/Calque_1-13.svg","contentUrl":"https:\/\/www.groupesenef.com\/wp-content\/uploads\/2026\/02\/Calque_1-13.svg","width":281,"height":49,"caption":"Groupe Senef"},"image":{"@id":"https:\/\/www.groupesenef.com\/#\/schema\/logo\/image\/"},"sameAs":["https:\/\/www.facebook.com\/groupesenef\/?locale=fr_FR"]},{"@type":"Person","@id":"https:\/\/www.groupesenef.com\/#\/schema\/person\/3c564995fd7f63ac71a862837750fce0","name":"Victoria Raufaste","image":{"@type":"ImageObject","inLanguage":"es","@id":"https:\/\/secure.gravatar.com\/avatar\/7f4463db18007361542f7b455ad7542ccfaddf875c63c7861cc06dc32d0ad8b5?s=96&d=mm&r=g","url":"https:\/\/secure.gravatar.com\/avatar\/7f4463db18007361542f7b455ad7542ccfaddf875c63c7861cc06dc32d0ad8b5?s=96&d=mm&r=g","contentUrl":"https:\/\/secure.gravatar.com\/avatar\/7f4463db18007361542f7b455ad7542ccfaddf875c63c7861cc06dc32d0ad8b5?s=96&d=mm&r=g","caption":"Victoria Raufaste"},"url":"https:\/\/www.groupesenef.com\/es\/author\/victoria\/"}]}},"_links":{"self":[{"href":"https:\/\/www.groupesenef.com\/es\/wp-json\/wp\/v2\/posts\/14195","targetHints":{"allow":["GET"]}}],"collection":[{"href":"https:\/\/www.groupesenef.com\/es\/wp-json\/wp\/v2\/posts"}],"about":[{"href":"https:\/\/www.groupesenef.com\/es\/wp-json\/wp\/v2\/types\/post"}],"author":[{"embeddable":true,"href":"https:\/\/www.groupesenef.com\/es\/wp-json\/wp\/v2\/users\/5"}],"replies":[{"embeddable":true,"href":"https:\/\/www.groupesenef.com\/es\/wp-json\/wp\/v2\/comments?post=14195"}],"version-history":[{"count":4,"href":"https:\/\/www.groupesenef.com\/es\/wp-json\/wp\/v2\/posts\/14195\/revisions"}],"predecessor-version":[{"id":14207,"href":"https:\/\/www.groupesenef.com\/es\/wp-json\/wp\/v2\/posts\/14195\/revisions\/14207"}],"wp:featuredmedia":[{"embeddable":true,"href":"https:\/\/www.groupesenef.com\/es\/wp-json\/wp\/v2\/media\/13987"}],"wp:attachment":[{"href":"https:\/\/www.groupesenef.com\/es\/wp-json\/wp\/v2\/media?parent=14195"}],"wp:term":[{"taxonomy":"category","embeddable":true,"href":"https:\/\/www.groupesenef.com\/es\/wp-json\/wp\/v2\/categories?post=14195"},{"taxonomy":"post_tag","embeddable":true,"href":"https:\/\/www.groupesenef.com\/es\/wp-json\/wp\/v2\/tags?post=14195"}],"curies":[{"name":"wp","href":"https:\/\/api.w.org\/{rel}","templated":true}]}}