{"id":13986,"date":"2026-03-16T14:47:31","date_gmt":"2026-03-16T13:47:31","guid":{"rendered":"https:\/\/www.groupesenef.com\/?p=13986"},"modified":"2026-04-29T15:48:18","modified_gmt":"2026-04-29T13:48:18","slug":"el-grupo-senef-intensifica-su-desarrollo","status":"publish","type":"post","link":"https:\/\/www.groupesenef.com\/es\/groupe-senef-accelere-son-developpement\/","title":{"rendered":"El Grupo Senef acelera su desarrollo"},"content":{"rendered":"<p>Llevamos m\u00e1s de 15 a\u00f1os trabajando junto a nuestros clientes para crear una plataforma de software dise\u00f1ada para empresas con un uso intensivo de personas.<\/p>\n<p>Hoy, el Grupo Senef entra en una nueva fase de su desarrollo.<\/p>\n<p>Hemos decidido unir fuerzas con Oakley Capital, un reconocido inversor europeo, para acelerar nuestra capacidad de inversi\u00f3n y perseguir una ambici\u00f3n que nos ha impulsado desde el primer d\u00eda: ofrecerles apoyo a largo plazo mientras transforman sus organizaciones.<\/p>\n<p>M\u00e1s que una simple operaci\u00f3n financiera, esta fusi\u00f3n marca el inicio de una nueva etapa de crecimiento para la empresa. El objetivo es claro: acelerar el desarrollo del Grupo Senef, reforzar su capacidad de innovaci\u00f3n y apoyar la evoluci\u00f3n de las organizaciones en las que la coordinaci\u00f3n humana y operativa es un factor clave del rendimiento, preservando al mismo tiempo lo que ha sido nuestro ADN desde el principio.<\/p>\n<h2><strong>Grupo Senef: una trayectoria de crecimiento basada en la experiencia empresarial<\/strong><\/h2>\n<p><strong>Software empresarial para organizaciones con un alto nivel de coordinaci\u00f3n humana<\/strong><\/p>\n<p>Desde nuestra creaci\u00f3n, hemos desarrollado <strong>software empresarial<\/strong> Concebido para organizaciones en las que <strong>coordinaci\u00f3n de equipos<\/strong> y la gesti\u00f3n de operaciones son retos diarios.<\/p>\n<p>En estos entornos, el rendimiento depende sobre todo de la capacidad de <strong>estructuraci\u00f3n de la empresa<\/strong>, Por eso hemos dise\u00f1ado un sistema que les permite compartir informaci\u00f3n fiable y gestionar las operaciones con precisi\u00f3n. Para satisfacer estas necesidades, hemos dise\u00f1ado un <strong>plataforma de software en la nube<\/strong> capaz de centralizar los datos esenciales: <strong>planificaci\u00f3n de misiones<\/strong>, Podemos ayudarle con todas estas tareas, incluida la gesti\u00f3n de recursos humanos, el seguimiento empresarial y la gesti\u00f3n operativa.<\/p>\n<p>En la actualidad, nuestras soluciones prestan apoyo a organizaciones de sectores como <strong>limpieza<\/strong>, el <strong>seguridad privada<\/strong> o <strong>servicios personales<\/strong>, donde el <strong>coordinaci\u00f3n de equipos y operaciones <\/strong>es decisivo.<\/p>\n<h3><strong>Un enfoque basado en la comprensi\u00f3n de las realidades operativas<\/strong><\/h3>\n<p>Nuestro planteamiento se basa en una convicci\u00f3n simple: una <strong>software empresarial<\/strong> s\u00f3lo tiene valor si refleja la realidad sobre el terreno.<\/p>\n<p>Dise\u00f1amos nuestras soluciones en funci\u00f3n de las necesidades reales de las organizaciones: <strong>gesti\u00f3n de equipos<\/strong>, Ofrecemos una amplia gama de herramientas para satisfacer las necesidades de nuestros clientes, ya sea en t\u00e9rminos de gesti\u00f3n, planificaci\u00f3n, cumplimiento de la normativa o gesti\u00f3n empresarial. Esta estrecha relaci\u00f3n con los usuarios finales nos permite ofrecer herramientas realmente \u00fatiles en el d\u00eda a d\u00eda.<\/p>\n<p>Es esta visi\u00f3n, centrada en la <strong>realidades operativas<\/strong> y la construcci\u00f3n de <strong>software empresarial adaptado a las organizaciones<\/strong>, que ha estructurado gradualmente el crecimiento de <strong>Grupo Senef<\/strong>.<\/p>\n<h3><strong>La llegada de Oakley Capital: una asociaci\u00f3n estrat\u00e9gica para llevarnos al siguiente nivel<\/strong><\/h3>\n<h2><strong>Reconocido inversor en el crecimiento de empresas tecnol\u00f3gicas<\/strong><\/h2>\n<p>Para proseguir nuestro desarrollo, hemos decidido unir fuerzas con <strong>Oakley Capital<\/strong>, un inversor europeo famoso por su apoyo a empresas tecnol\u00f3gicas de r\u00e1pido crecimiento.<\/p>\n<p>La raz\u00f3n de ser de esta asociaci\u00f3n es clara: rodearnos de un socio capaz de respaldar nuestra ambici\u00f3n de expansi\u00f3n internacional a largo plazo. La experiencia de Oakley Capital en el desarrollo de <strong>software empresarial<\/strong> y empresas tecnol\u00f3gicas es una palanca importante para apoyar la pr\u00f3xima fase de crecimiento de <strong>Grupo Senef<\/strong>.<\/p>\n<h3><strong>Una asociaci\u00f3n a largo plazo<\/strong><\/h3>\n<p>Nuestro objetivo no era realizar una simple operaci\u00f3n financiera. Busc\u00e1bamos un socio capaz de compartir nuestra visi\u00f3n y apoyarnos a largo plazo.<\/p>\n<p>La llegada de Oakley Capital nos permitir\u00e1 <strong>reforzar nuestra capacidad de inversi\u00f3n<\/strong>, acelerar el desarrollo de nuestra <strong>software empresarial<\/strong> y estructurar nuestro crecimiento manteni\u00e9ndonos fieles a nuestra identidad b\u00e1sica.<\/p>\n<h3><strong>Cambiar de escala sin cambiar el ADN<\/strong><\/h3>\n<p>Desde la creaci\u00f3n de <strong>Grupo Senef<\/strong>, Nuestro desarrollo se ha construido en torno a una firme convicci\u00f3n: permanecer lo m\u00e1s cerca posible de las realidades de las organizaciones a las que apoyamos.<\/p>\n<p>Esta nueva fase deber\u00eda permitirnos <strong>cambiar de escala<\/strong> preservando este ADN. Nuestra ambici\u00f3n sigue siendo la misma: continuar desarrollando <strong>software empresarial<\/strong> Concebido para organizaciones en las que <strong>coordinaci\u00f3n humana y operativa<\/strong> es crucial, y apoyar su transformaci\u00f3n a largo plazo.<\/p>\n<p>\u00ab <em>La llegada de Oakley Capital marca un momento muy importante para nosotros: nos permitir\u00e1 acelerar nuestras ambiciones e impulsar nuestra visi\u00f3n de convertirnos en un actor clave en Francia y Europa, manteni\u00e9ndonos fieles a lo que ha sido nuestro punto fuerte desde el primer d\u00eda: la proximidad a nuestras empresas y el sentido del servicio.<\/em>\u00a0\u00bb<\/p>\n<p><strong>Momar Mbaye<\/strong><br \/>\nFundador y director del Grupo Senef<\/p>\n<h2><strong>Un mercado en plena transformaci\u00f3n: la digitalizaci\u00f3n de las organizaciones operativas<\/strong><\/h2>\n<h3><strong>La transformaci\u00f3n digital de las organizaciones con un alto nivel de coordinaci\u00f3n humana<\/strong><\/h3>\n<p>Desde hace varios a\u00f1os, muchos sectores est\u00e1n experimentando una profunda transformaci\u00f3n en su forma de organizarse. Las estructuras multisede, los equipos m\u00f3viles y la creciente complejidad de las operaciones hacen imprescindible la adopci\u00f3n de herramientas capaces de estructurar la empresa.<\/p>\n<p>En estos entornos <strong>software empresarial<\/strong> desempe\u00f1an un papel fundamental. Permiten centralizar la informaci\u00f3n, mejorar la <strong>gesti\u00f3n de equipos<\/strong>, Esto har\u00e1 que los datos sean m\u00e1s fiables y permitir\u00e1 gestionar las operaciones con mayor eficacia. El sitio <strong>digitalizaci\u00f3n de las organizaciones<\/strong> se convierte en una palanca esencial para aumentar la eficacia y la visibilidad.<\/p>\n<h3><strong>La gesti\u00f3n de equipos sobre el terreno, clave del rendimiento<\/strong><\/h3>\n<p>En las organizaciones en las que la actividad se basa en equipos repartidos en varias sedes, la <strong>coordinaci\u00f3n entre la sede central y el terreno<\/strong> es crucial. La programaci\u00f3n de las tareas, el control de las horas de trabajo, el seguimiento de las intervenciones y el cumplimiento de la normativa son elementos que requieren una organizaci\u00f3n estructurada y herramientas adecuadas.<\/p>\n<p>En <strong>software empresarial<\/strong> permiten conectar los distintos niveles de la organizaci\u00f3n. Facilitan la circulaci\u00f3n de la informaci\u00f3n, mejoran la <strong>coordinaci\u00f3n operativa<\/strong> y ofrecer a los directivos una visi\u00f3n clara de su negocio.<\/p>\n<h3><strong>El auge de los editores de software empresarial<\/strong><\/h3>\n<p>En este contexto, el <strong>editores de software empresarial<\/strong> desempe\u00f1an un papel cada vez m\u00e1s estrat\u00e9gico. Las organizaciones actuales buscan soluciones capaces de responder a sus limitaciones espec\u00edficas y apoyar el desarrollo de sus actividades.<\/p>\n<p>Esta din\u00e1mica explica el creciente inter\u00e9s por estos actores tecnol\u00f3gicos. Al desarrollar soluciones adaptadas a las realidades operativas, los <strong>software empresarial<\/strong> se est\u00e1n convirtiendo en una aut\u00e9ntica palanca para estructurar la actividad y apoyar el rendimiento de las organizaciones.<\/p>\n<h2><strong>Lo que esta asociaci\u00f3n nos permitir\u00e1 acelerar<\/strong><\/h2>\n<h3><strong>Acelerar la innovaci\u00f3n en nuestro software empresarial<\/strong><\/h3>\n<p>La llegada de Oakley Capital nos permitir\u00e1, en primer lugar, reforzar nuestra capacidad de innovaci\u00f3n. Siempre hemos desarrollado nuestra <strong>software empresarial<\/strong> responder a los cambios organizativos y a los nuevos requisitos operativos.<\/p>\n<p>Esta asociaci\u00f3n nos da los medios para acelerar este trabajo. Podremos invertir m\u00e1s en el desarrollo de nuestras soluciones, potenciar sus funcionalidades y seguir mejorando las herramientas que nos permiten <strong>estructuraci\u00f3n de la empresa<\/strong>, de <strong>mejor coordinaci\u00f3n de los equipos<\/strong> y hacer que el <strong>gesti\u00f3n operativa<\/strong>.<\/p>\n<h3><strong>Reforzar nuestras capacidades de desarrollo<\/strong><\/h3>\n<p>Esta nueva fase tambi\u00e9n nos permitir\u00e1 estructurar mejor nuestro crecimiento. El objetivo es reforzar nuestros equipos, acelerar el desarrollo de nuestras soluciones y continuar nuestro impulso innovador.<\/p>\n<p>Al asociarnos con Oakley Capital, nos estamos dando los medios para apoyar a un n\u00famero creciente de organizaciones en la adopci\u00f3n de <strong>software empresarial<\/strong> para apoyar su transformaci\u00f3n y mejorar su rendimiento. <strong>rendimiento operativo<\/strong>.<\/p>\n<h3><strong>Mantener nuestro crecimiento a largo plazo<\/strong><\/h3>\n<p>Por \u00faltimo, esta asociaci\u00f3n nos permite mirar al futuro con una base a\u00fan m\u00e1s s\u00f3lida. Nuestra ambici\u00f3n es seguir desarrollando <strong>Grupo Senef<\/strong>, para apoyar a un n\u00famero cada vez mayor de organizaciones y seguir desarrollando nuestra <strong>software empresarial<\/strong> lo m\u00e1s cerca posible de la realidad sobre el terreno.<\/p>\n<p>Esta nueva fase de crecimiento forma parte de nuestro proyecto continuo de construir soluciones \u00fatiles y sostenibles capaces de ayudar a las organizaciones a hacerlo mejor. <strong>gestionar sus operaciones.\u00a0<\/strong><\/p>\n<h3><strong>Conclusi\u00f3n: una nueva etapa para el Grupo Senef<\/strong><\/h3>\n<p>Con la llegada de\u2019<strong>Oakley Capital<\/strong>, abrimos una nueva fase en el desarrollo de <strong>Grupo Senef<\/strong>. Esta asociaci\u00f3n nos permitir\u00e1 acelerar nuestro crecimiento, reforzar la innovaci\u00f3n en torno a nuestros <strong>software empresarial<\/strong> y continuar la transformaci\u00f3n que hemos iniciado junto a las organizaciones a las que apoyamos.<\/p>\n<p>Nuestra ambici\u00f3n sigue siendo la misma desde el primer d\u00eda: dise\u00f1ar soluciones \u00fatiles, adaptadas a las realidades sobre el terreno y capaces de mejorar la calidad de vida de nuestros clientes. <strong>coordinaci\u00f3n de equipos<\/strong>, para estructurar la empresa y apoyar la <strong>rendimiento operativo<\/strong>.<\/p>\n<p>Esta nueva etapa nos dar\u00e1 los medios para ir a\u00fan m\u00e1s lejos, sin dejar de ser fieles a lo que nos hace ser quienes somos. <strong>Grupo Senef<\/strong> Entre ellas figuran una estrecha relaci\u00f3n con la empresa, la comprensi\u00f3n de las realidades operativas y el deseo de apoyar a largo plazo el desarrollo de las organizaciones.<\/p>","protected":false},"excerpt":{"rendered":"<p>Groupe Senef une fuerzas con Oakley Capital para acelerar su desarrollo y reforzar la innovaci\u00f3n en torno a su software empresarial.<\/p>","protected":false},"author":5,"featured_media":14197,"comment_status":"closed","ping_status":"open","sticky":false,"template":"","format":"gallery","meta":{"_acf_changed":false,"footnotes":""},"categories":[52],"tags":[65,68],"class_list":["post-13986","post","type-post","status-publish","format-gallery","has-post-thumbnail","hentry","category-transformation","tag-communique-de-presse","tag-developpement","post_format-post-format-gallery"],"acf":[],"yoast_head":"<!-- This site is optimized with the Yoast SEO plugin v27.4 - https:\/\/yoast.com\/product\/yoast-seo-wordpress\/ -->\n<title>Groupe Senef acc\u00e9l\u00e8re son d\u00e9veloppement<\/title>\n<meta name=\"description\" content=\"Groupe Senef s\u2019associe \u00e0 Oakley Capital pour acc\u00e9l\u00e9rer son d\u00e9veloppement et renforcer l\u2019innovation autour de ses logiciels m\u00e9tiers.\" \/>\n<meta name=\"robots\" content=\"index, follow, max-snippet:-1, max-image-preview:large, max-video-preview:-1\" \/>\n<link rel=\"canonical\" href=\"https:\/\/www.groupesenef.com\/es\/el-grupo-senef-intensifica-su-desarrollo\/\" \/>\n<meta property=\"og:locale\" content=\"es_ES\" \/>\n<meta property=\"og:type\" content=\"article\" \/>\n<meta property=\"og:title\" content=\"Groupe Senef acc\u00e9l\u00e8re son d\u00e9veloppement\" \/>\n<meta property=\"og:description\" content=\"Groupe Senef s\u2019associe \u00e0 Oakley Capital pour acc\u00e9l\u00e9rer son d\u00e9veloppement et renforcer l\u2019innovation autour de ses logiciels m\u00e9tiers.\" \/>\n<meta property=\"og:url\" content=\"https:\/\/www.groupesenef.com\/es\/el-grupo-senef-intensifica-su-desarrollo\/\" \/>\n<meta property=\"og:site_name\" content=\"Groupe Senef\" \/>\n<meta property=\"article:publisher\" content=\"https:\/\/www.facebook.com\/groupesenef\/?locale=fr_FR\" \/>\n<meta property=\"article:published_time\" content=\"2026-03-16T13:47:31+00:00\" \/>\n<meta property=\"article:modified_time\" content=\"2026-04-29T13:48:18+00:00\" \/>\n<meta property=\"og:image\" content=\"https:\/\/www.groupesenef.com\/wp-content\/uploads\/2026\/03\/Groupe-Senef-accelere-son-developpement1-e1774893057675.png\" \/>\n\t<meta property=\"og:image:width\" content=\"575\" \/>\n\t<meta property=\"og:image:height\" content=\"675\" \/>\n\t<meta property=\"og:image:type\" content=\"image\/png\" \/>\n<meta name=\"author\" content=\"Victoria Raufaste\" \/>\n<meta name=\"twitter:card\" content=\"summary_large_image\" \/>\n<meta name=\"twitter:label1\" content=\"Escrito por\" \/>\n\t<meta name=\"twitter:data1\" content=\"Victoria Raufaste\" \/>\n\t<meta name=\"twitter:label2\" content=\"Tiempo de lectura\" \/>\n\t<meta name=\"twitter:data2\" content=\"7 minutos\" \/>\n<script type=\"application\/ld+json\" class=\"yoast-schema-graph\">{\"@context\":\"https:\\\/\\\/schema.org\",\"@graph\":[{\"@type\":\"Article\",\"@id\":\"https:\\\/\\\/www.groupesenef.com\\\/groupe-senef-accelere-son-developpement\\\/#article\",\"isPartOf\":{\"@id\":\"https:\\\/\\\/www.groupesenef.com\\\/groupe-senef-accelere-son-developpement\\\/\"},\"author\":{\"name\":\"Victoria Raufaste\",\"@id\":\"https:\\\/\\\/www.groupesenef.com\\\/#\\\/schema\\\/person\\\/3c564995fd7f63ac71a862837750fce0\"},\"headline\":\"Groupe Senef acc\u00e9l\u00e8re son d\u00e9veloppement\",\"datePublished\":\"2026-03-16T13:47:31+00:00\",\"dateModified\":\"2026-04-29T13:48:18+00:00\",\"mainEntityOfPage\":{\"@id\":\"https:\\\/\\\/www.groupesenef.com\\\/groupe-senef-accelere-son-developpement\\\/\"},\"wordCount\":1528,\"publisher\":{\"@id\":\"https:\\\/\\\/www.groupesenef.com\\\/#organization\"},\"image\":{\"@id\":\"https:\\\/\\\/www.groupesenef.com\\\/groupe-senef-accelere-son-developpement\\\/#primaryimage\"},\"thumbnailUrl\":\"https:\\\/\\\/www.groupesenef.com\\\/wp-content\\\/uploads\\\/2026\\\/03\\\/Groupe-Senef-accelere-son-developpement1-e1774893057675.png\",\"keywords\":[\"Communiqu\u00e9 de presse\",\"D\u00e9veloppement\"],\"articleSection\":[\"Transformation\"],\"inLanguage\":\"es\"},{\"@type\":\"WebPage\",\"@id\":\"https:\\\/\\\/www.groupesenef.com\\\/groupe-senef-accelere-son-developpement\\\/\",\"url\":\"https:\\\/\\\/www.groupesenef.com\\\/groupe-senef-accelere-son-developpement\\\/\",\"name\":\"Groupe Senef acc\u00e9l\u00e8re son d\u00e9veloppement\",\"isPartOf\":{\"@id\":\"https:\\\/\\\/www.groupesenef.com\\\/#website\"},\"primaryImageOfPage\":{\"@id\":\"https:\\\/\\\/www.groupesenef.com\\\/groupe-senef-accelere-son-developpement\\\/#primaryimage\"},\"image\":{\"@id\":\"https:\\\/\\\/www.groupesenef.com\\\/groupe-senef-accelere-son-developpement\\\/#primaryimage\"},\"thumbnailUrl\":\"https:\\\/\\\/www.groupesenef.com\\\/wp-content\\\/uploads\\\/2026\\\/03\\\/Groupe-Senef-accelere-son-developpement1-e1774893057675.png\",\"datePublished\":\"2026-03-16T13:47:31+00:00\",\"dateModified\":\"2026-04-29T13:48:18+00:00\",\"description\":\"Groupe Senef s\u2019associe \u00e0 Oakley Capital pour acc\u00e9l\u00e9rer son d\u00e9veloppement et renforcer l\u2019innovation autour de ses logiciels m\u00e9tiers.\",\"breadcrumb\":{\"@id\":\"https:\\\/\\\/www.groupesenef.com\\\/groupe-senef-accelere-son-developpement\\\/#breadcrumb\"},\"inLanguage\":\"es\",\"potentialAction\":[{\"@type\":\"ReadAction\",\"target\":[\"https:\\\/\\\/www.groupesenef.com\\\/groupe-senef-accelere-son-developpement\\\/\"]}]},{\"@type\":\"ImageObject\",\"inLanguage\":\"es\",\"@id\":\"https:\\\/\\\/www.groupesenef.com\\\/groupe-senef-accelere-son-developpement\\\/#primaryimage\",\"url\":\"https:\\\/\\\/www.groupesenef.com\\\/wp-content\\\/uploads\\\/2026\\\/03\\\/Groupe-Senef-accelere-son-developpement1-e1774893057675.png\",\"contentUrl\":\"https:\\\/\\\/www.groupesenef.com\\\/wp-content\\\/uploads\\\/2026\\\/03\\\/Groupe-Senef-accelere-son-developpement1-e1774893057675.png\",\"width\":575,\"height\":675,\"caption\":\"Groupe-Senef-accelere-son-developpement1\"},{\"@type\":\"BreadcrumbList\",\"@id\":\"https:\\\/\\\/www.groupesenef.com\\\/groupe-senef-accelere-son-developpement\\\/#breadcrumb\",\"itemListElement\":[{\"@type\":\"ListItem\",\"position\":1,\"name\":\"Accueil\",\"item\":\"https:\\\/\\\/www.groupesenef.com\\\/\"},{\"@type\":\"ListItem\",\"position\":2,\"name\":\"Groupe Senef acc\u00e9l\u00e8re son d\u00e9veloppement\"}]},{\"@type\":\"WebSite\",\"@id\":\"https:\\\/\\\/www.groupesenef.com\\\/#website\",\"url\":\"https:\\\/\\\/www.groupesenef.com\\\/\",\"name\":\"Groupe Senef\",\"description\":\"\",\"publisher\":{\"@id\":\"https:\\\/\\\/www.groupesenef.com\\\/#organization\"},\"potentialAction\":[{\"@type\":\"SearchAction\",\"target\":{\"@type\":\"EntryPoint\",\"urlTemplate\":\"https:\\\/\\\/www.groupesenef.com\\\/?s={search_term_string}\"},\"query-input\":{\"@type\":\"PropertyValueSpecification\",\"valueRequired\":true,\"valueName\":\"search_term_string\"}}],\"inLanguage\":\"es\"},{\"@type\":\"Organization\",\"@id\":\"https:\\\/\\\/www.groupesenef.com\\\/#organization\",\"name\":\"Groupe Senef\",\"url\":\"https:\\\/\\\/www.groupesenef.com\\\/\",\"logo\":{\"@type\":\"ImageObject\",\"inLanguage\":\"es\",\"@id\":\"https:\\\/\\\/www.groupesenef.com\\\/#\\\/schema\\\/logo\\\/image\\\/\",\"url\":\"https:\\\/\\\/www.groupesenef.com\\\/wp-content\\\/uploads\\\/2026\\\/02\\\/Calque_1-13.svg\",\"contentUrl\":\"https:\\\/\\\/www.groupesenef.com\\\/wp-content\\\/uploads\\\/2026\\\/02\\\/Calque_1-13.svg\",\"width\":281,\"height\":49,\"caption\":\"Groupe Senef\"},\"image\":{\"@id\":\"https:\\\/\\\/www.groupesenef.com\\\/#\\\/schema\\\/logo\\\/image\\\/\"},\"sameAs\":[\"https:\\\/\\\/www.facebook.com\\\/groupesenef\\\/?locale=fr_FR\"]},{\"@type\":\"Person\",\"@id\":\"https:\\\/\\\/www.groupesenef.com\\\/#\\\/schema\\\/person\\\/3c564995fd7f63ac71a862837750fce0\",\"name\":\"Victoria Raufaste\",\"image\":{\"@type\":\"ImageObject\",\"inLanguage\":\"es\",\"@id\":\"https:\\\/\\\/secure.gravatar.com\\\/avatar\\\/7f4463db18007361542f7b455ad7542ccfaddf875c63c7861cc06dc32d0ad8b5?s=96&d=mm&r=g\",\"url\":\"https:\\\/\\\/secure.gravatar.com\\\/avatar\\\/7f4463db18007361542f7b455ad7542ccfaddf875c63c7861cc06dc32d0ad8b5?s=96&d=mm&r=g\",\"contentUrl\":\"https:\\\/\\\/secure.gravatar.com\\\/avatar\\\/7f4463db18007361542f7b455ad7542ccfaddf875c63c7861cc06dc32d0ad8b5?s=96&d=mm&r=g\",\"caption\":\"Victoria Raufaste\"},\"url\":\"https:\\\/\\\/www.groupesenef.com\\\/es\\\/author\\\/victoria\\\/\"}]}<\/script>\n<!-- \/ Yoast SEO plugin. -->","yoast_head_json":{"title":"El Grupo Senef acelera su desarrollo","description":"Groupe Senef une fuerzas con Oakley Capital para acelerar su desarrollo y reforzar la innovaci\u00f3n en torno a su software empresarial.","robots":{"index":"index","follow":"follow","max-snippet":"max-snippet:-1","max-image-preview":"max-image-preview:large","max-video-preview":"max-video-preview:-1"},"canonical":"https:\/\/www.groupesenef.com\/es\/el-grupo-senef-intensifica-su-desarrollo\/","og_locale":"es_ES","og_type":"article","og_title":"Groupe Senef acc\u00e9l\u00e8re son d\u00e9veloppement","og_description":"Groupe Senef s\u2019associe \u00e0 Oakley Capital pour acc\u00e9l\u00e9rer son d\u00e9veloppement et renforcer l\u2019innovation autour de ses logiciels m\u00e9tiers.","og_url":"https:\/\/www.groupesenef.com\/es\/el-grupo-senef-intensifica-su-desarrollo\/","og_site_name":"Groupe Senef","article_publisher":"https:\/\/www.facebook.com\/groupesenef\/?locale=fr_FR","article_published_time":"2026-03-16T13:47:31+00:00","article_modified_time":"2026-04-29T13:48:18+00:00","og_image":[{"width":575,"height":675,"url":"https:\/\/www.groupesenef.com\/wp-content\/uploads\/2026\/03\/Groupe-Senef-accelere-son-developpement1-e1774893057675.png","type":"image\/png"}],"author":"Victoria Raufaste","twitter_card":"summary_large_image","twitter_misc":{"Escrito por":"Victoria Raufaste","Tiempo de lectura":"7 minutos"},"schema":{"@context":"https:\/\/schema.org","@graph":[{"@type":"Article","@id":"https:\/\/www.groupesenef.com\/groupe-senef-accelere-son-developpement\/#article","isPartOf":{"@id":"https:\/\/www.groupesenef.com\/groupe-senef-accelere-son-developpement\/"},"author":{"name":"Victoria Raufaste","@id":"https:\/\/www.groupesenef.com\/#\/schema\/person\/3c564995fd7f63ac71a862837750fce0"},"headline":"Groupe Senef acc\u00e9l\u00e8re son d\u00e9veloppement","datePublished":"2026-03-16T13:47:31+00:00","dateModified":"2026-04-29T13:48:18+00:00","mainEntityOfPage":{"@id":"https:\/\/www.groupesenef.com\/groupe-senef-accelere-son-developpement\/"},"wordCount":1528,"publisher":{"@id":"https:\/\/www.groupesenef.com\/#organization"},"image":{"@id":"https:\/\/www.groupesenef.com\/groupe-senef-accelere-son-developpement\/#primaryimage"},"thumbnailUrl":"https:\/\/www.groupesenef.com\/wp-content\/uploads\/2026\/03\/Groupe-Senef-accelere-son-developpement1-e1774893057675.png","keywords":["Communiqu\u00e9 de presse","D\u00e9veloppement"],"articleSection":["Transformation"],"inLanguage":"es"},{"@type":"WebPage","@id":"https:\/\/www.groupesenef.com\/groupe-senef-accelere-son-developpement\/","url":"https:\/\/www.groupesenef.com\/groupe-senef-accelere-son-developpement\/","name":"El Grupo Senef acelera su desarrollo","isPartOf":{"@id":"https:\/\/www.groupesenef.com\/#website"},"primaryImageOfPage":{"@id":"https:\/\/www.groupesenef.com\/groupe-senef-accelere-son-developpement\/#primaryimage"},"image":{"@id":"https:\/\/www.groupesenef.com\/groupe-senef-accelere-son-developpement\/#primaryimage"},"thumbnailUrl":"https:\/\/www.groupesenef.com\/wp-content\/uploads\/2026\/03\/Groupe-Senef-accelere-son-developpement1-e1774893057675.png","datePublished":"2026-03-16T13:47:31+00:00","dateModified":"2026-04-29T13:48:18+00:00","description":"Groupe Senef une fuerzas con Oakley Capital para acelerar su desarrollo y reforzar la innovaci\u00f3n en torno a su software empresarial.","breadcrumb":{"@id":"https:\/\/www.groupesenef.com\/groupe-senef-accelere-son-developpement\/#breadcrumb"},"inLanguage":"es","potentialAction":[{"@type":"ReadAction","target":["https:\/\/www.groupesenef.com\/groupe-senef-accelere-son-developpement\/"]}]},{"@type":"ImageObject","inLanguage":"es","@id":"https:\/\/www.groupesenef.com\/groupe-senef-accelere-son-developpement\/#primaryimage","url":"https:\/\/www.groupesenef.com\/wp-content\/uploads\/2026\/03\/Groupe-Senef-accelere-son-developpement1-e1774893057675.png","contentUrl":"https:\/\/www.groupesenef.com\/wp-content\/uploads\/2026\/03\/Groupe-Senef-accelere-son-developpement1-e1774893057675.png","width":575,"height":675,"caption":"Groupe-Senef-accelere-son-developpement1"},{"@type":"BreadcrumbList","@id":"https:\/\/www.groupesenef.com\/groupe-senef-accelere-son-developpement\/#breadcrumb","itemListElement":[{"@type":"ListItem","position":1,"name":"Accueil","item":"https:\/\/www.groupesenef.com\/"},{"@type":"ListItem","position":2,"name":"Groupe Senef acc\u00e9l\u00e8re son d\u00e9veloppement"}]},{"@type":"WebSite","@id":"https:\/\/www.groupesenef.com\/#website","url":"https:\/\/www.groupesenef.com\/","name":"Grupo Senef","description":"","publisher":{"@id":"https:\/\/www.groupesenef.com\/#organization"},"potentialAction":[{"@type":"SearchAction","target":{"@type":"EntryPoint","urlTemplate":"https:\/\/www.groupesenef.com\/?s={search_term_string}"},"query-input":{"@type":"PropertyValueSpecification","valueRequired":true,"valueName":"search_term_string"}}],"inLanguage":"es"},{"@type":"Organization","@id":"https:\/\/www.groupesenef.com\/#organization","name":"Grupo Senef","url":"https:\/\/www.groupesenef.com\/","logo":{"@type":"ImageObject","inLanguage":"es","@id":"https:\/\/www.groupesenef.com\/#\/schema\/logo\/image\/","url":"https:\/\/www.groupesenef.com\/wp-content\/uploads\/2026\/02\/Calque_1-13.svg","contentUrl":"https:\/\/www.groupesenef.com\/wp-content\/uploads\/2026\/02\/Calque_1-13.svg","width":281,"height":49,"caption":"Groupe Senef"},"image":{"@id":"https:\/\/www.groupesenef.com\/#\/schema\/logo\/image\/"},"sameAs":["https:\/\/www.facebook.com\/groupesenef\/?locale=fr_FR"]},{"@type":"Person","@id":"https:\/\/www.groupesenef.com\/#\/schema\/person\/3c564995fd7f63ac71a862837750fce0","name":"Victoria Raufaste","image":{"@type":"ImageObject","inLanguage":"es","@id":"https:\/\/secure.gravatar.com\/avatar\/7f4463db18007361542f7b455ad7542ccfaddf875c63c7861cc06dc32d0ad8b5?s=96&d=mm&r=g","url":"https:\/\/secure.gravatar.com\/avatar\/7f4463db18007361542f7b455ad7542ccfaddf875c63c7861cc06dc32d0ad8b5?s=96&d=mm&r=g","contentUrl":"https:\/\/secure.gravatar.com\/avatar\/7f4463db18007361542f7b455ad7542ccfaddf875c63c7861cc06dc32d0ad8b5?s=96&d=mm&r=g","caption":"Victoria Raufaste"},"url":"https:\/\/www.groupesenef.com\/es\/author\/victoria\/"}]}},"_links":{"self":[{"href":"https:\/\/www.groupesenef.com\/es\/wp-json\/wp\/v2\/posts\/13986","targetHints":{"allow":["GET"]}}],"collection":[{"href":"https:\/\/www.groupesenef.com\/es\/wp-json\/wp\/v2\/posts"}],"about":[{"href":"https:\/\/www.groupesenef.com\/es\/wp-json\/wp\/v2\/types\/post"}],"author":[{"embeddable":true,"href":"https:\/\/www.groupesenef.com\/es\/wp-json\/wp\/v2\/users\/5"}],"replies":[{"embeddable":true,"href":"https:\/\/www.groupesenef.com\/es\/wp-json\/wp\/v2\/comments?post=13986"}],"version-history":[{"count":1,"href":"https:\/\/www.groupesenef.com\/es\/wp-json\/wp\/v2\/posts\/13986\/revisions"}],"predecessor-version":[{"id":13988,"href":"https:\/\/www.groupesenef.com\/es\/wp-json\/wp\/v2\/posts\/13986\/revisions\/13988"}],"wp:featuredmedia":[{"embeddable":true,"href":"https:\/\/www.groupesenef.com\/es\/wp-json\/wp\/v2\/media\/14197"}],"wp:attachment":[{"href":"https:\/\/www.groupesenef.com\/es\/wp-json\/wp\/v2\/media?parent=13986"}],"wp:term":[{"taxonomy":"category","embeddable":true,"href":"https:\/\/www.groupesenef.com\/es\/wp-json\/wp\/v2\/categories?post=13986"},{"taxonomy":"post_tag","embeddable":true,"href":"https:\/\/www.groupesenef.com\/es\/wp-json\/wp\/v2\/tags?post=13986"}],"curies":[{"name":"wp","href":"https:\/\/api.w.org\/{rel}","templated":true}]}}