{"id":13975,"date":"2026-03-16T14:09:10","date_gmt":"2026-03-16T13:09:10","guid":{"rendered":"https:\/\/www.groupesenef.com\/?p=13975"},"modified":"2026-04-29T15:47:07","modified_gmt":"2026-04-29T13:47:07","slug":"facturation-electronique-obligatoire-comment-preparer-la-reforme","status":"publish","type":"post","link":"https:\/\/www.groupesenef.com\/es\/facturation-electronique-obligatoire-comment-preparer-la-reforme\/","title":{"rendered":"Facturaci\u00f3n electr\u00f3nica obligatoria: \u00bfc\u00f3mo prepararse para la reforma?"},"content":{"rendered":"<p>El uso generalizado de <b>facturaci\u00f3n electr\u00f3nica obligatoria<\/b> es una de las transformaciones normativas y digitales m\u00e1s importantes para las empresas francesas desde la introducci\u00f3n de la declaraci\u00f3n del IVA en l\u00ednea.<br \/>\nDetr\u00e1s de esta evoluci\u00f3n se esconde un profundo cambio en las pr\u00e1cticas administrativas, contables y financieras.<\/p>\n<p>Para las organizaciones, lo que est\u00e1 en juego va mucho m\u00e1s all\u00e1 del mero cumplimiento legal. La reforma cambiar\u00e1 la forma de producir, transmitir, procesar y archivar las facturas. Tambi\u00e9n exigir\u00e1 una mejor estructuraci\u00f3n de los datos y una mayor integraci\u00f3n entre las herramientas de gesti\u00f3n, los sistemas contables y las plataformas de desmaterializaci\u00f3n.<\/p>\n<p>En otras palabras, la facturaci\u00f3n electr\u00f3nica no es s\u00f3lo un nuevo formato de factura. Es una transformaci\u00f3n de los procesos de gesti\u00f3n que exige a las empresas replantearse su organizaci\u00f3n y sus herramientas digitales.<\/p>\n<h2>Facturaci\u00f3n electr\u00f3nica obligatoria: c\u00f3mo entender la reforma que transformar\u00e1 la gesti\u00f3n empresarial<\/h2>\n<p>La <b>facturaci\u00f3n electr\u00f3nica obligatoria<\/b> ya no es una perspectiva lejana. Es una realidad reglamentaria que se impone progresivamente a todas las empresas sujetas al IVA en Francia. Para los altos ejecutivos, directores financieros y directores operativos, ha llegado el momento de comprender las implicaciones pr\u00e1cticas de esta reforma, anticipar su impacto y prepararse para ella con las herramientas adecuadas.<\/p>\n<h3>\u00bfQu\u00e9 es la facturaci\u00f3n electr\u00f3nica?<\/h3>\n<p>La <b>facturaci\u00f3n electr\u00f3nica<\/b> no es un simple PDF enviado por correo electr\u00f3nico. Esta pr\u00e1ctica, aunque habitual, no cumple los requisitos reglamentarios. A <b>facturaci\u00f3n electr\u00f3nica conforme<\/b> consiste en expedir, transmitir y recibir documentos en formato electr\u00f3nico. <b>formato digital estructurado<\/b>, que permite el tratamiento autom\u00e1tico de datos por sistemas inform\u00e1ticos.<\/p>\n<p>La reforma francesa reconoce tres formatos: <b>Factur-X<\/b>, <b>UBL<\/b> y <b>CII<\/b>. El formato Factur-X, desarrollado conjuntamente por Francia y Alemania, se adapta especialmente bien a esta transici\u00f3n: combina un archivo PDF legible por el ser humano con un archivo XML estructurado que pueden utilizar las herramientas de gesti\u00f3n. Los formatos UBL y CII, en cambio, son formatos XML puros, aptos para intercambios totalmente automatizados entre sistemas inform\u00e1ticos. Adem\u00e1s del formato, es imprescindible que la transmisi\u00f3n pase por un <b>plataforma aprobada<\/b> por las autoridades fiscales. Este canal garantiza la trazabilidad y el cumplimiento legal de cada documento emitido.<\/p>\n<h3>Por qu\u00e9 el Gobierno obliga a facturar electr\u00f3nicamente<\/h3>\n<p>Los objetivos de este <b>reforma<\/b> son m\u00faltiples. En primer lugar, la lucha contra el fraude del IVA representa un reto financiero considerable para el Estado. Al transmitir sistem\u00e1ticamente los datos de facturaci\u00f3n a las autoridades, el sistema hace que las transacciones B2B sean mucho m\u00e1s transparentes y controlables. M\u00e1s all\u00e1 de la dimensi\u00f3n fiscal, esta transformaci\u00f3n digital pretende modernizar los intercambios entre empresas, mejorar la trazabilidad de las transacciones y automatizar los procesos contables. Para las propias organizaciones, los beneficios esperados son tangibles: menos entradas manuales, plazos de pago m\u00e1s cortos y mejor visibilidad de los flujos financieros.<\/p>\n<h3>Una reforma que afecta a casi todas las empresas<\/h3>\n<p>Todas las empresas <b>sujeto a IVA<\/b> que realizan transacciones B2B nacionales est\u00e1n sujetas a la obligaci\u00f3n de emitir y recibir <b>facturaci\u00f3n electr\u00f3nica<\/b>. Los empresarios aut\u00f3nomos exentos de IVA no est\u00e1n sujetos a la obligaci\u00f3n de emitir facturas, pero deben poder recibir facturas electr\u00f3nicas de sus proveedores. Los intercambios B2G con organismos p\u00fablicos ya se rigen por Chorus Pro. Las transacciones B2C y las operaciones internacionales est\u00e1n cubiertas por el e-reporting, un mecanismo adicional de transmisi\u00f3n de datos a las autoridades fiscales.<\/p>\n<h2>Calendario y obligaciones: lo que las empresas deben prever<\/h2>\n<h3>Principales etapas de la reforma<\/h3>\n<p>Le <b>calendario<\/b> despliegue de <b>generalizaci\u00f3n<\/b> de la facturaci\u00f3n electr\u00f3nica se establece ahora en dos etapas principales. A partir de 2025, se abrir\u00e1 el directorio de empresas: en \u00e9l figurar\u00e1n las entidades sujetas a la obligaci\u00f3n de expedir y recibir facturas electr\u00f3nicas. En <b>1 de septiembre de 2026<\/b>, La obligaci\u00f3n de recibir se aplica a todas las empresas, sea cual sea su tama\u00f1o, mientras que la obligaci\u00f3n de emitir concierne a las grandes empresas y a las ETI. Por \u00faltimo <b>1 de septiembre de 2027<\/b>, la obligaci\u00f3n de emitir se ampl\u00eda a <b>VSES<\/b> y <b>PYME<\/b>, Con ello se completa el despliegue del r\u00e9gimen en todo el tejido econ\u00f3mico franc\u00e9s.<\/p>\n<p>Este calendario gradual da tiempo para prepararse, pero no se equivoque: el cumplimiento requiere una organizaci\u00f3n interna s\u00f3lida y herramientas realmente adecuadas.<\/p>\n<h3>Los tres pilares t\u00e9cnicos de la reforma<\/h3>\n<p>La reforma se basa en tres mecanismos complementarios. L\u2019<b>Facturaci\u00f3n electr\u00f3nica<\/b> se refiere a la facturaci\u00f3n electr\u00f3nica entre empresas sujetas al IVA en Francia, con transmisi\u00f3n obligatoria a trav\u00e9s de una plataforma autorizada. L\u2019<b>Informes electr\u00f3nicos<\/b> complementa este sistema cubriendo las operaciones que no est\u00e1n cubiertas por la facturaci\u00f3n electr\u00f3nica: las ventas B2C, las operaciones internacionales y las operaciones con personas que no son sujetos pasivos. Por \u00faltimo, el <b>transmisi\u00f3n del estado de los pagos<\/b> permite a las autoridades supervisar el estado de las liquidaciones y mejorar su comprensi\u00f3n de los flujos financieros entre empresas.<\/p>\n<h3>El papel de las plataformas de desmaterializaci\u00f3n<\/h3>\n<p>La circulaci\u00f3n de facturas electr\u00f3nicas se basa en una red de <b>plataformas autorizadas<\/b>. Inicialmente, el sistema preve\u00eda un Portal P\u00fablico de Facturaci\u00f3n gestionado por la DGFiP, complementado por Plataformas de Desmaterializaci\u00f3n Asociadas, actores privados registrados por el gobierno. Desde octubre de 2024, el Gobierno ha anunciado que abandona el portal p\u00fablico como plataforma de env\u00edo y recepci\u00f3n de facturas, concentrando la funci\u00f3n operativa \u00fanicamente en las <b>plataformas autorizadas<\/b> sector privado. Elegir la plataforma adecuada para su empresa es, por tanto, una decisi\u00f3n estrat\u00e9gica: debe garantizar que las facturas se env\u00edan y reciben en los formatos reglamentarios correctos, que los datos se transmiten a las autoridades y que se integra perfectamente con las herramientas de gesti\u00f3n existentes.<\/p>\n<h2>Facturaci\u00f3n electr\u00f3nica: una obligaci\u00f3n... pero tambi\u00e9n una oportunidad para las empresas<\/h2>\n<h3>Automatizar los procesos contables<\/h3>\n<p>Es innegable que el cumplimiento de la normativa es una limitaci\u00f3n. Pero enfocada con inteligencia, esta reforma es tambi\u00e9n una oportunidad para dar un paso adelante en la modernizaci\u00f3n de los procesos. <b>contables<\/b>. La introducci\u00f3n automatizada de facturas, el tratamiento autom\u00e1tico del IVA y el archivado electr\u00f3nico conforme representan ganancias operativas inmediatas para los equipos financieros. Menos reentradas, menos errores, menos tiempo dedicado a tareas sin valor a\u00f1adido: para las organizaciones bien preparadas, el balance es claramente positivo.<\/p>\n<h3>Mejorar la gesti\u00f3n financiera y la tesorer\u00eda<\/h3>\n<p>La desmaterializaci\u00f3n acelera los ciclos de pago. Las facturas llegan m\u00e1s r\u00e1pido, se procesan con mayor celeridad y se reducen los plazos de pago. Para las estructuras multisede o las empresas con un gran volumen de facturaci\u00f3n, la mayor visibilidad de los flujos financieros representa una ventaja competitiva tangible. Visite <b>datos<\/b> tambi\u00e9n puede utilizarse con fines de an\u00e1lisis y gesti\u00f3n financiera, enriqueciendo los cuadros de mando de gesti\u00f3n. <b>financiero<\/b>.<\/p>\n<h3>Reducir los costes administrativos<\/h3>\n<p>El tratamiento de un <b>factura<\/b> Las facturas en papel o en PDF sin estructurar cuestan mucho m\u00e1s que las facturas electr\u00f3nicas automatizadas. Impresi\u00f3n, franqueo, introducci\u00f3n manual de datos, riesgo de error y p\u00e9rdida: todos estos son costes que el <b>soluci\u00f3n<\/b> digital elimina para siempre. De este modo, los recursos internos pueden reorientarse hacia tareas de mayor valor a\u00f1adido, en beneficio de toda la organizaci\u00f3n.<\/p>\n<h2>Reforma de la facturaci\u00f3n electr\u00f3nica: m\u00e1s que un proyecto t\u00e9cnico, es un proyecto organizativo<\/h2>\n<h3>Por qu\u00e9 el \u00e9xito del proyecto depende de la organizaci\u00f3n interna<\/h3>\n<p>Demasiadas empresas abordan esta reforma como un proyecto puramente inform\u00e1tico, dejando el tema \u00fanicamente en manos del Departamento de TI. Esto es un error. La transici\u00f3n a <b>facturaci\u00f3n electr\u00f3nica<\/b> afecta al departamento financiero, a los equipos operativos y a los sistemas de informaci\u00f3n. Implica una revisi\u00f3n de los procesos de facturaci\u00f3n existentes, una gobernanza clara de <b>datos<\/b> y una estrecha coordinaci\u00f3n entre todas las partes interesadas internas. Sin esta dimensi\u00f3n organizativa, existe un riesgo real de bloqueo.<\/p>\n<h3>Riesgos para las empresas mal preparadas<\/h3>\n<p>Las empresas que tardan en prepararse se exponen a una serie de riesgos concretos. La incompatibilidad de las herramientas con <b>formatos<\/b> La multiplicaci\u00f3n de plataformas sin l\u00f3gica de integraci\u00f3n genera complejidad y costes adicionales imprevistos. La multiplicaci\u00f3n de plataformas sin l\u00f3gica de integraci\u00f3n genera complejidad y costes adicionales imprevistos. Por \u00faltimo, la p\u00e9rdida de coherencia de los datos entre el sistema de gesti\u00f3n, la contabilidad y las herramientas de elaboraci\u00f3n de informes socava la fiabilidad de la informaci\u00f3n financiera, precisamente en el momento en que las autoridades exigen una mayor transparencia.<\/p>\n<h3>Empresas que realizan la transici\u00f3n con \u00e9xito<\/h3>\n<p>Las empresas que saldr\u00e1n victoriosas de esta transformaci\u00f3n son las que conf\u00eden en su <b>herramientas<\/b> integrar la facturaci\u00f3n electr\u00f3nica en origen, sin crear capas adicionales. Los que automatizan los flujos ascendentes, desde la generaci\u00f3n de la <b>documento<\/b> hasta que pase al <b>plataforma aprobada<\/b>. Y, sobre todo, los que piensan en el futuro ahora, sin esperar a los \u00faltimos meses antes de los plazos reglamentarios.<\/p>\n<h2>El Grupo Senef ayuda a las empresas a pasar a la facturaci\u00f3n electr\u00f3nica<\/h2>\n<p>Ante el uso generalizado de <b>facturaci\u00f3n electr\u00f3nica<\/b>, las empresas deben adaptar sus <b>herramientas de gesti\u00f3n<\/b> y sus <b>procesos contables<\/b> para garantizar el cumplimiento de la normativa al tiempo que se mantienen flujos operativos fluidos. El reto es m\u00e1s que un simple ajuste t\u00e9cnico: se trata de integrar la facturaci\u00f3n electr\u00f3nica directamente en los sistemas de gesti\u00f3n existentes para evitar rupturas de procesos y dobles entradas.<\/p>\n<p>Este es el planteamiento adoptado por <b>Grupo Senef<\/b>, que ha incorporado los requisitos de la reforma directamente en su <b>soluciones empresariales<\/b>, Esto permitir\u00e1 a las empresas anticiparse a la transici\u00f3n, simplificando al mismo tiempo su gesti\u00f3n administrativa y contable.<\/p>\n<h3>Integraci\u00f3n nativa en el software empresarial<\/h3>\n<p>En muchas empresas, el <b>facturaci\u00f3n<\/b> est\u00e1 estrechamente vinculada a la actividad operativa: <b>gesti\u00f3n de contratos, planificaci\u00f3n de servicios, supervisi\u00f3n de servicios y relaciones con los clientes<\/b>. A\u00f1adir otra herramienta a este ecosistema puede a\u00f1adir complejidad r\u00e1pidamente.<\/p>\n<p>Por ello, Groupe Senef ha optado por integrar la gesti\u00f3n de <b>flujo de facturaci\u00f3n<\/b> directamente en su <b>software empresarial<\/b>. Las empresas pueden generar sus facturas a partir de sus <b>herramienta de gesti\u00f3n<\/b>, sin aumentar el n\u00famero de interfaces ni cambiar sus h\u00e1bitos de trabajo.<\/p>\n<p>Este enfoque permite\u2019<b>automatizar la producci\u00f3n de facturas<\/b>, para evitar tener que volver a teclear y <b>centralizar los datos financieros<\/b> en un entorno coherente. La facturaci\u00f3n se convierte as\u00ed en una extensi\u00f3n natural del proceso de gesti\u00f3n.<\/p>\n<h3>Compatibilidad con los formatos exigidos por la reforma<\/h3>\n<p>La reforma exige el uso de <b>formatos de factura estructurados<\/b>, para el tratamiento automatizado de datos. Los principales formatos reconocidos son <b>Factur-X<\/b>, <b>UBL<\/b> y <b>CII<\/b>.<\/p>\n<p>Soluciones para <b>Grupo Senef<\/b> integrar de forma nativa <b>Factur-X<\/b> y <b>UBL<\/b>, que permite a las empresas emitir <b>facturas electr\u00f3nicas conformes<\/b> requisitos reglamentarios. La informaci\u00f3n necesaria se estructura en cuanto se genera el documento, garantizando la compatibilidad con <b>plataformas de desmaterializaci\u00f3n autorizadas<\/b>.<\/p>\n<p>Esta compatibilidad nativa asegura la transici\u00f3n a la facturaci\u00f3n electr\u00f3nica manteniendo un alto nivel de seguridad. <b>proceso de facturaci\u00f3n fluido y automatizado<\/b>.<\/p>\n<h3>Asociaci\u00f3n entre el Grupo Senef y Pennylane<\/h3>\n<p>Para completar este enfoque, <b>Grupo Senef<\/b> ha desarrollado un <b>asociaci\u00f3n tecnol\u00f3gica con Pennylane<\/b>, soluci\u00f3n <b>gesti\u00f3n financiera y contable<\/b>.<\/p>\n<p>Esta asociaci\u00f3n automatizar\u00e1 todo el <b>flujo contable<\/b>. Las facturas generadas en las soluciones empresariales del Grupo pueden convertirse autom\u00e1ticamente en <b>Ficheros Factur-X (PDF + XML)<\/b> a continuaci\u00f3n, se transmite directamente a un <b>plataforma de desmaterializaci\u00f3n autorizada<\/b>, sin intervenci\u00f3n manual.<\/p>\n<p>Esta integraci\u00f3n vincula <b>gesti\u00f3n operativa, facturaci\u00f3n y contabilidad<\/b> en un \u00fanico flujo de trabajo. Los datos fluyen autom\u00e1ticamente entre las herramientas empresariales y el entorno contable, lo que reduce la manipulaci\u00f3n manual y el riesgo de error.<\/p>\n<p>Al mismo tiempo, <b>Pennylane<\/b> permite a las empresas acceder a <b>acceso en tiempo real a sus datos financieros<\/b>, Esto facilita el seguimiento de la actividad, el an\u00e1lisis del rendimiento y la elaboraci\u00f3n de informes.<\/p>\n<h3>Interoperabilidad dise\u00f1ada para el ecosistema de plataformas<\/h3>\n<p>La reforma se basa en una red de <b>plataformas de desmaterializaci\u00f3n asociadas<\/b> responsable de transmitir las facturas y los datos de las transacciones a las autoridades fiscales. En este contexto, el\u2019<b>interoperabilidad de los sistemas<\/b> se est\u00e1 convirtiendo en un elemento clave.<\/p>\n<p>Soluciones para <b>Grupo Senef<\/b> integrar <b>normas de intercambio definidas en el marco de la reforma<\/b>, para conectar el software empresarial a <b>plataformas autorizadas<\/b> a trav\u00e9s de interfaces normalizadas.<\/p>\n<p>Esta arquitectura garantiza <b>continuidad de los flujos entre gesti\u00f3n, facturaci\u00f3n y contabilidad<\/b>, cumpliendo al mismo tiempo los requisitos reglamentarios. De este modo, las facturas pueden generarse, estructurarse y transmitirse sin interrumpir la cadena de procesamiento.<\/p>\n<p>Gracias a este enfoque integrado, <b>Grupo Senef<\/b> permite a las empresas hacer frente <b>facturaci\u00f3n electr\u00f3nica obligatoria<\/b> no como una limitaci\u00f3n, sino como una oportunidad para <b>modernizar su gesti\u00f3n administrativa y financiera<\/b>.<\/p>\n<h2>C\u00f3mo preparar ya la facturaci\u00f3n electr\u00f3nica en su empresa<\/h2>\n<h3>Compruebe la compatibilidad de su software de gesti\u00f3n<\/h3>\n<p>El primer paso es un diagn\u00f3stico honesto de su sistema actual. \u00bfEs capaz su software de gesti\u00f3n de generar facturas en los plazos requeridos? <b>formatos reglamentarios<\/b> como Factur-X, UBL o CII? \u00bfEst\u00e1 conectado, o es conectable, a un <b>plataforma aprobada<\/b> ? Si la respuesta a alguna de estas preguntas es negativa, es hora de actuar. Esperar hasta 2027 para <b>VSE y PYME<\/b>, Hacerlo es correr el riesgo de precipitarse en un cumplimiento costoso, con consecuencias directas para la continuidad de la empresa.<\/p>\n<h3>Elegir la plataforma de desmaterializaci\u00f3n adecuada<\/h3>\n<p>La elecci\u00f3n de la plataforma es crucial para el \u00e9xito del proyecto. Debe cubrir tanto la emisi\u00f3n como la recepci\u00f3n de facturas, garantizar la gesti\u00f3n de los flujos hacia la administraci\u00f3n e integrarse de forma nativa con sus herramientas empresariales existentes. A <b>soluci\u00f3n<\/b> perfectamente compatible con su software de gesti\u00f3n es siempre preferible a una plataforma de alto rendimiento aislada del resto de su sistema de informaci\u00f3n.<\/p>\n<h3>Formaci\u00f3n de equipos y adaptaci\u00f3n de procesos<\/h3>\n<p>La transformaci\u00f3n de los procesos internos es inseparable del proyecto t\u00e9cnico. Hay que formar a los equipos contables, administrativos y comerciales en los nuevos procedimientos. Visite <b>clientes<\/b> y los proveedores tambi\u00e9n deben ser informados de los pr\u00f3ximos cambios en los procedimientos de intercambio de documentos. Una comunicaci\u00f3n clara y temprana con todos <b>socios<\/b> comercial evita fricciones operativas en la conmutaci\u00f3n.<\/p>\n<h3>Anticipar la transici\u00f3n para evitar trastornos operativos<\/h3>\n<p>Las empresas que se preparan con tiempo son las que dominan su transici\u00f3n. Tienen tiempo de probar sus flujos de trabajo, corregir posibles anomal\u00edas, formar a sus equipos en las condiciones adecuadas y ajustar sus procesos sin presiones. Las que esperan se encuentran en una situaci\u00f3n de emergencia, a menudo obligadas a tomar decisiones r\u00e1pidas que no siempre son las m\u00e1s adaptadas a sus necesidades reales o a su organizaci\u00f3n.<\/p>\n<h2>Facturaci\u00f3n electr\u00f3nica: anticiparse hoy para transformar su gesti\u00f3n ma\u00f1ana<\/h2>\n<p>La reforma de la <b>facturaci\u00f3n electr\u00f3nica obligatoria<\/b> es una transformaci\u00f3n importante para todas las empresas. Redefine la forma en que los socios comerciales intercambian informaci\u00f3n, imponiendo nuevos formatos, nuevos canales de transmisi\u00f3n y nuevas obligaciones de informaci\u00f3n a las autoridades. Pero para las organizaciones bien preparadas, tambi\u00e9n es una oportunidad real de modernizar su gesti\u00f3n financiera, automatizar sus procesos contables y ganar eficiencia operativa duradera.<\/p>\n<p>La fuerza del modelo del Grupo Senef reside en su capacidad para comprender los usos sobre el terreno y traducirlos en soluciones inform\u00e1ticas de alto rendimiento. Gracias a la integraci\u00f3n nativa de los formatos reglamentarios, a una s\u00f3lida colaboraci\u00f3n con Pennylane y a un enfoque centrado en la continuidad de los flujos entre la gesti\u00f3n y la contabilidad, las soluciones est\u00e1n dise\u00f1adas para durar, evolucionar y apoyar el crecimiento de las organizaciones.<\/p>\n<p>Si es usted ejecutivo, director financiero o director de operaciones de una empresa en el <b>servicios<\/b> a los particulares? No sufra la reforma: prep\u00e1rese para ella, con los socios adecuados, hoy mismo.<\/p>","protected":false},"excerpt":{"rendered":"<p>La facturaci\u00f3n electr\u00f3nica empieza a ser obligatoria para todas las empresas. Calendario, obligaciones: \u00bfc\u00f3mo puede preparar a su organizaci\u00f3n?<\/p>","protected":false},"author":5,"featured_media":13976,"comment_status":"closed","ping_status":"open","sticky":false,"template":"","format":"gallery","meta":{"_acf_changed":false,"footnotes":""},"categories":[52],"tags":[62,64,63],"class_list":["post-13975","post","type-post","status-publish","format-gallery","has-post-thumbnail","hentry","category-transformation","tag-facturation-electronique","tag-fiscale","tag-reforme","post_format-post-format-gallery"],"acf":[],"yoast_head":"<!-- This site is optimized with the Yoast SEO plugin v27.4 - https:\/\/yoast.com\/product\/yoast-seo-wordpress\/ -->\n<title>Facturation \u00e9lectronique obligatoire : comment pr\u00e9parer la r\u00e9forme ?<\/title>\n<meta name=\"description\" content=\"La facturation \u00e9lectronique devient obligatoire pour toutes les entreprises. Calendrier, obligations : comment pr\u00e9parer votre organisation ?\" \/>\n<meta name=\"robots\" content=\"index, follow, max-snippet:-1, max-image-preview:large, max-video-preview:-1\" \/>\n<link rel=\"canonical\" href=\"https:\/\/www.groupesenef.com\/es\/facturation-electronique-obligatoire-comment-preparer-la-reforme\/\" \/>\n<meta property=\"og:locale\" content=\"es_ES\" \/>\n<meta property=\"og:type\" content=\"article\" \/>\n<meta property=\"og:title\" content=\"Facturation \u00e9lectronique obligatoire : comment pr\u00e9parer la r\u00e9forme ?\" \/>\n<meta property=\"og:description\" content=\"La facturation \u00e9lectronique devient obligatoire pour toutes les entreprises. Calendrier, obligations : comment pr\u00e9parer votre organisation ?\" \/>\n<meta property=\"og:url\" content=\"https:\/\/www.groupesenef.com\/es\/facturation-electronique-obligatoire-comment-preparer-la-reforme\/\" \/>\n<meta property=\"og:site_name\" content=\"Groupe Senef\" \/>\n<meta property=\"article:publisher\" content=\"https:\/\/www.facebook.com\/groupesenef\/?locale=fr_FR\" \/>\n<meta property=\"article:published_time\" content=\"2026-03-16T13:09:10+00:00\" \/>\n<meta property=\"article:modified_time\" content=\"2026-04-29T13:47:07+00:00\" \/>\n<meta property=\"og:image\" content=\"https:\/\/www.groupesenef.com\/wp-content\/uploads\/2026\/03\/Facturation-electronique-obligatoire-comment-preparer-la-reforme--e1774892837283.jpg\" \/>\n\t<meta property=\"og:image:width\" content=\"736\" \/>\n\t<meta property=\"og:image:height\" content=\"675\" \/>\n\t<meta property=\"og:image:type\" content=\"image\/jpeg\" \/>\n<meta name=\"author\" content=\"Victoria Raufaste\" \/>\n<meta name=\"twitter:card\" content=\"summary_large_image\" \/>\n<meta name=\"twitter:label1\" content=\"Escrito por\" \/>\n\t<meta name=\"twitter:data1\" content=\"Victoria Raufaste\" \/>\n\t<meta name=\"twitter:label2\" content=\"Tiempo de lectura\" \/>\n\t<meta name=\"twitter:data2\" content=\"13 minutos\" \/>\n<script type=\"application\/ld+json\" class=\"yoast-schema-graph\">{\"@context\":\"https:\\\/\\\/schema.org\",\"@graph\":[{\"@type\":\"Article\",\"@id\":\"https:\\\/\\\/www.groupesenef.com\\\/facturation-electronique-obligatoire-comment-preparer-la-reforme\\\/#article\",\"isPartOf\":{\"@id\":\"https:\\\/\\\/www.groupesenef.com\\\/facturation-electronique-obligatoire-comment-preparer-la-reforme\\\/\"},\"author\":{\"name\":\"Victoria Raufaste\",\"@id\":\"https:\\\/\\\/www.groupesenef.com\\\/#\\\/schema\\\/person\\\/3c564995fd7f63ac71a862837750fce0\"},\"headline\":\"Facturation \u00e9lectronique obligatoire : comment pr\u00e9parer la r\u00e9forme ?\",\"datePublished\":\"2026-03-16T13:09:10+00:00\",\"dateModified\":\"2026-04-29T13:47:07+00:00\",\"mainEntityOfPage\":{\"@id\":\"https:\\\/\\\/www.groupesenef.com\\\/facturation-electronique-obligatoire-comment-preparer-la-reforme\\\/\"},\"wordCount\":2857,\"publisher\":{\"@id\":\"https:\\\/\\\/www.groupesenef.com\\\/#organization\"},\"image\":{\"@id\":\"https:\\\/\\\/www.groupesenef.com\\\/facturation-electronique-obligatoire-comment-preparer-la-reforme\\\/#primaryimage\"},\"thumbnailUrl\":\"https:\\\/\\\/www.groupesenef.com\\\/wp-content\\\/uploads\\\/2026\\\/03\\\/Facturation-electronique-obligatoire-comment-preparer-la-reforme--e1774892837283.jpg\",\"keywords\":[\"Facturation \u00e9l\u00e9ctronique\",\"fiscale\",\"r\u00e9forme\"],\"articleSection\":[\"Transformation\"],\"inLanguage\":\"es\"},{\"@type\":\"WebPage\",\"@id\":\"https:\\\/\\\/www.groupesenef.com\\\/facturation-electronique-obligatoire-comment-preparer-la-reforme\\\/\",\"url\":\"https:\\\/\\\/www.groupesenef.com\\\/facturation-electronique-obligatoire-comment-preparer-la-reforme\\\/\",\"name\":\"Facturation \u00e9lectronique obligatoire : comment pr\u00e9parer la r\u00e9forme ?\",\"isPartOf\":{\"@id\":\"https:\\\/\\\/www.groupesenef.com\\\/#website\"},\"primaryImageOfPage\":{\"@id\":\"https:\\\/\\\/www.groupesenef.com\\\/facturation-electronique-obligatoire-comment-preparer-la-reforme\\\/#primaryimage\"},\"image\":{\"@id\":\"https:\\\/\\\/www.groupesenef.com\\\/facturation-electronique-obligatoire-comment-preparer-la-reforme\\\/#primaryimage\"},\"thumbnailUrl\":\"https:\\\/\\\/www.groupesenef.com\\\/wp-content\\\/uploads\\\/2026\\\/03\\\/Facturation-electronique-obligatoire-comment-preparer-la-reforme--e1774892837283.jpg\",\"datePublished\":\"2026-03-16T13:09:10+00:00\",\"dateModified\":\"2026-04-29T13:47:07+00:00\",\"description\":\"La facturation \u00e9lectronique devient obligatoire pour toutes les entreprises. Calendrier, obligations : comment pr\u00e9parer votre organisation ?\",\"breadcrumb\":{\"@id\":\"https:\\\/\\\/www.groupesenef.com\\\/facturation-electronique-obligatoire-comment-preparer-la-reforme\\\/#breadcrumb\"},\"inLanguage\":\"es\",\"potentialAction\":[{\"@type\":\"ReadAction\",\"target\":[\"https:\\\/\\\/www.groupesenef.com\\\/facturation-electronique-obligatoire-comment-preparer-la-reforme\\\/\"]}]},{\"@type\":\"ImageObject\",\"inLanguage\":\"es\",\"@id\":\"https:\\\/\\\/www.groupesenef.com\\\/facturation-electronique-obligatoire-comment-preparer-la-reforme\\\/#primaryimage\",\"url\":\"https:\\\/\\\/www.groupesenef.com\\\/wp-content\\\/uploads\\\/2026\\\/03\\\/Facturation-electronique-obligatoire-comment-preparer-la-reforme--e1774892837283.jpg\",\"contentUrl\":\"https:\\\/\\\/www.groupesenef.com\\\/wp-content\\\/uploads\\\/2026\\\/03\\\/Facturation-electronique-obligatoire-comment-preparer-la-reforme--e1774892837283.jpg\",\"width\":736,\"height\":675,\"caption\":\"Facturation-electronique-obligatoire-comment-preparer-la-reforme\"},{\"@type\":\"BreadcrumbList\",\"@id\":\"https:\\\/\\\/www.groupesenef.com\\\/facturation-electronique-obligatoire-comment-preparer-la-reforme\\\/#breadcrumb\",\"itemListElement\":[{\"@type\":\"ListItem\",\"position\":1,\"name\":\"Accueil\",\"item\":\"https:\\\/\\\/www.groupesenef.com\\\/\"},{\"@type\":\"ListItem\",\"position\":2,\"name\":\"Facturation \u00e9lectronique obligatoire : comment pr\u00e9parer la r\u00e9forme ?\"}]},{\"@type\":\"WebSite\",\"@id\":\"https:\\\/\\\/www.groupesenef.com\\\/#website\",\"url\":\"https:\\\/\\\/www.groupesenef.com\\\/\",\"name\":\"Groupe Senef\",\"description\":\"\",\"publisher\":{\"@id\":\"https:\\\/\\\/www.groupesenef.com\\\/#organization\"},\"potentialAction\":[{\"@type\":\"SearchAction\",\"target\":{\"@type\":\"EntryPoint\",\"urlTemplate\":\"https:\\\/\\\/www.groupesenef.com\\\/?s={search_term_string}\"},\"query-input\":{\"@type\":\"PropertyValueSpecification\",\"valueRequired\":true,\"valueName\":\"search_term_string\"}}],\"inLanguage\":\"es\"},{\"@type\":\"Organization\",\"@id\":\"https:\\\/\\\/www.groupesenef.com\\\/#organization\",\"name\":\"Groupe Senef\",\"url\":\"https:\\\/\\\/www.groupesenef.com\\\/\",\"logo\":{\"@type\":\"ImageObject\",\"inLanguage\":\"es\",\"@id\":\"https:\\\/\\\/www.groupesenef.com\\\/#\\\/schema\\\/logo\\\/image\\\/\",\"url\":\"https:\\\/\\\/www.groupesenef.com\\\/wp-content\\\/uploads\\\/2026\\\/02\\\/Calque_1-13.svg\",\"contentUrl\":\"https:\\\/\\\/www.groupesenef.com\\\/wp-content\\\/uploads\\\/2026\\\/02\\\/Calque_1-13.svg\",\"width\":281,\"height\":49,\"caption\":\"Groupe Senef\"},\"image\":{\"@id\":\"https:\\\/\\\/www.groupesenef.com\\\/#\\\/schema\\\/logo\\\/image\\\/\"},\"sameAs\":[\"https:\\\/\\\/www.facebook.com\\\/groupesenef\\\/?locale=fr_FR\"]},{\"@type\":\"Person\",\"@id\":\"https:\\\/\\\/www.groupesenef.com\\\/#\\\/schema\\\/person\\\/3c564995fd7f63ac71a862837750fce0\",\"name\":\"Victoria Raufaste\",\"image\":{\"@type\":\"ImageObject\",\"inLanguage\":\"es\",\"@id\":\"https:\\\/\\\/secure.gravatar.com\\\/avatar\\\/7f4463db18007361542f7b455ad7542ccfaddf875c63c7861cc06dc32d0ad8b5?s=96&d=mm&r=g\",\"url\":\"https:\\\/\\\/secure.gravatar.com\\\/avatar\\\/7f4463db18007361542f7b455ad7542ccfaddf875c63c7861cc06dc32d0ad8b5?s=96&d=mm&r=g\",\"contentUrl\":\"https:\\\/\\\/secure.gravatar.com\\\/avatar\\\/7f4463db18007361542f7b455ad7542ccfaddf875c63c7861cc06dc32d0ad8b5?s=96&d=mm&r=g\",\"caption\":\"Victoria Raufaste\"},\"url\":\"https:\\\/\\\/www.groupesenef.com\\\/es\\\/author\\\/victoria\\\/\"}]}<\/script>\n<!-- \/ Yoast SEO plugin. -->","yoast_head_json":{"title":"Facturaci\u00f3n electr\u00f3nica obligatoria: \u00bfc\u00f3mo prepararse para la reforma?","description":"La facturaci\u00f3n electr\u00f3nica empieza a ser obligatoria para todas las empresas. Calendario, obligaciones: \u00bfc\u00f3mo puede preparar a su organizaci\u00f3n?","robots":{"index":"index","follow":"follow","max-snippet":"max-snippet:-1","max-image-preview":"max-image-preview:large","max-video-preview":"max-video-preview:-1"},"canonical":"https:\/\/www.groupesenef.com\/es\/facturation-electronique-obligatoire-comment-preparer-la-reforme\/","og_locale":"es_ES","og_type":"article","og_title":"Facturation \u00e9lectronique obligatoire : comment pr\u00e9parer la r\u00e9forme ?","og_description":"La facturation \u00e9lectronique devient obligatoire pour toutes les entreprises. Calendrier, obligations : comment pr\u00e9parer votre organisation ?","og_url":"https:\/\/www.groupesenef.com\/es\/facturation-electronique-obligatoire-comment-preparer-la-reforme\/","og_site_name":"Groupe Senef","article_publisher":"https:\/\/www.facebook.com\/groupesenef\/?locale=fr_FR","article_published_time":"2026-03-16T13:09:10+00:00","article_modified_time":"2026-04-29T13:47:07+00:00","og_image":[{"width":736,"height":675,"url":"https:\/\/www.groupesenef.com\/wp-content\/uploads\/2026\/03\/Facturation-electronique-obligatoire-comment-preparer-la-reforme--e1774892837283.jpg","type":"image\/jpeg"}],"author":"Victoria Raufaste","twitter_card":"summary_large_image","twitter_misc":{"Escrito por":"Victoria Raufaste","Tiempo de lectura":"13 minutos"},"schema":{"@context":"https:\/\/schema.org","@graph":[{"@type":"Article","@id":"https:\/\/www.groupesenef.com\/facturation-electronique-obligatoire-comment-preparer-la-reforme\/#article","isPartOf":{"@id":"https:\/\/www.groupesenef.com\/facturation-electronique-obligatoire-comment-preparer-la-reforme\/"},"author":{"name":"Victoria Raufaste","@id":"https:\/\/www.groupesenef.com\/#\/schema\/person\/3c564995fd7f63ac71a862837750fce0"},"headline":"Facturation \u00e9lectronique obligatoire : comment pr\u00e9parer la r\u00e9forme ?","datePublished":"2026-03-16T13:09:10+00:00","dateModified":"2026-04-29T13:47:07+00:00","mainEntityOfPage":{"@id":"https:\/\/www.groupesenef.com\/facturation-electronique-obligatoire-comment-preparer-la-reforme\/"},"wordCount":2857,"publisher":{"@id":"https:\/\/www.groupesenef.com\/#organization"},"image":{"@id":"https:\/\/www.groupesenef.com\/facturation-electronique-obligatoire-comment-preparer-la-reforme\/#primaryimage"},"thumbnailUrl":"https:\/\/www.groupesenef.com\/wp-content\/uploads\/2026\/03\/Facturation-electronique-obligatoire-comment-preparer-la-reforme--e1774892837283.jpg","keywords":["Facturation \u00e9l\u00e9ctronique","fiscale","r\u00e9forme"],"articleSection":["Transformation"],"inLanguage":"es"},{"@type":"WebPage","@id":"https:\/\/www.groupesenef.com\/facturation-electronique-obligatoire-comment-preparer-la-reforme\/","url":"https:\/\/www.groupesenef.com\/facturation-electronique-obligatoire-comment-preparer-la-reforme\/","name":"Facturaci\u00f3n electr\u00f3nica obligatoria: \u00bfc\u00f3mo prepararse para la reforma?","isPartOf":{"@id":"https:\/\/www.groupesenef.com\/#website"},"primaryImageOfPage":{"@id":"https:\/\/www.groupesenef.com\/facturation-electronique-obligatoire-comment-preparer-la-reforme\/#primaryimage"},"image":{"@id":"https:\/\/www.groupesenef.com\/facturation-electronique-obligatoire-comment-preparer-la-reforme\/#primaryimage"},"thumbnailUrl":"https:\/\/www.groupesenef.com\/wp-content\/uploads\/2026\/03\/Facturation-electronique-obligatoire-comment-preparer-la-reforme--e1774892837283.jpg","datePublished":"2026-03-16T13:09:10+00:00","dateModified":"2026-04-29T13:47:07+00:00","description":"La facturaci\u00f3n electr\u00f3nica empieza a ser obligatoria para todas las empresas. Calendario, obligaciones: \u00bfc\u00f3mo puede preparar a su organizaci\u00f3n?","breadcrumb":{"@id":"https:\/\/www.groupesenef.com\/facturation-electronique-obligatoire-comment-preparer-la-reforme\/#breadcrumb"},"inLanguage":"es","potentialAction":[{"@type":"ReadAction","target":["https:\/\/www.groupesenef.com\/facturation-electronique-obligatoire-comment-preparer-la-reforme\/"]}]},{"@type":"ImageObject","inLanguage":"es","@id":"https:\/\/www.groupesenef.com\/facturation-electronique-obligatoire-comment-preparer-la-reforme\/#primaryimage","url":"https:\/\/www.groupesenef.com\/wp-content\/uploads\/2026\/03\/Facturation-electronique-obligatoire-comment-preparer-la-reforme--e1774892837283.jpg","contentUrl":"https:\/\/www.groupesenef.com\/wp-content\/uploads\/2026\/03\/Facturation-electronique-obligatoire-comment-preparer-la-reforme--e1774892837283.jpg","width":736,"height":675,"caption":"Facturation-electronique-obligatoire-comment-preparer-la-reforme"},{"@type":"BreadcrumbList","@id":"https:\/\/www.groupesenef.com\/facturation-electronique-obligatoire-comment-preparer-la-reforme\/#breadcrumb","itemListElement":[{"@type":"ListItem","position":1,"name":"Accueil","item":"https:\/\/www.groupesenef.com\/"},{"@type":"ListItem","position":2,"name":"Facturation \u00e9lectronique obligatoire : comment pr\u00e9parer la r\u00e9forme ?"}]},{"@type":"WebSite","@id":"https:\/\/www.groupesenef.com\/#website","url":"https:\/\/www.groupesenef.com\/","name":"Grupo Senef","description":"","publisher":{"@id":"https:\/\/www.groupesenef.com\/#organization"},"potentialAction":[{"@type":"SearchAction","target":{"@type":"EntryPoint","urlTemplate":"https:\/\/www.groupesenef.com\/?s={search_term_string}"},"query-input":{"@type":"PropertyValueSpecification","valueRequired":true,"valueName":"search_term_string"}}],"inLanguage":"es"},{"@type":"Organization","@id":"https:\/\/www.groupesenef.com\/#organization","name":"Grupo Senef","url":"https:\/\/www.groupesenef.com\/","logo":{"@type":"ImageObject","inLanguage":"es","@id":"https:\/\/www.groupesenef.com\/#\/schema\/logo\/image\/","url":"https:\/\/www.groupesenef.com\/wp-content\/uploads\/2026\/02\/Calque_1-13.svg","contentUrl":"https:\/\/www.groupesenef.com\/wp-content\/uploads\/2026\/02\/Calque_1-13.svg","width":281,"height":49,"caption":"Groupe Senef"},"image":{"@id":"https:\/\/www.groupesenef.com\/#\/schema\/logo\/image\/"},"sameAs":["https:\/\/www.facebook.com\/groupesenef\/?locale=fr_FR"]},{"@type":"Person","@id":"https:\/\/www.groupesenef.com\/#\/schema\/person\/3c564995fd7f63ac71a862837750fce0","name":"Victoria Raufaste","image":{"@type":"ImageObject","inLanguage":"es","@id":"https:\/\/secure.gravatar.com\/avatar\/7f4463db18007361542f7b455ad7542ccfaddf875c63c7861cc06dc32d0ad8b5?s=96&d=mm&r=g","url":"https:\/\/secure.gravatar.com\/avatar\/7f4463db18007361542f7b455ad7542ccfaddf875c63c7861cc06dc32d0ad8b5?s=96&d=mm&r=g","contentUrl":"https:\/\/secure.gravatar.com\/avatar\/7f4463db18007361542f7b455ad7542ccfaddf875c63c7861cc06dc32d0ad8b5?s=96&d=mm&r=g","caption":"Victoria Raufaste"},"url":"https:\/\/www.groupesenef.com\/es\/author\/victoria\/"}]}},"_links":{"self":[{"href":"https:\/\/www.groupesenef.com\/es\/wp-json\/wp\/v2\/posts\/13975","targetHints":{"allow":["GET"]}}],"collection":[{"href":"https:\/\/www.groupesenef.com\/es\/wp-json\/wp\/v2\/posts"}],"about":[{"href":"https:\/\/www.groupesenef.com\/es\/wp-json\/wp\/v2\/types\/post"}],"author":[{"embeddable":true,"href":"https:\/\/www.groupesenef.com\/es\/wp-json\/wp\/v2\/users\/5"}],"replies":[{"embeddable":true,"href":"https:\/\/www.groupesenef.com\/es\/wp-json\/wp\/v2\/comments?post=13975"}],"version-history":[{"count":6,"href":"https:\/\/www.groupesenef.com\/es\/wp-json\/wp\/v2\/posts\/13975\/revisions"}],"predecessor-version":[{"id":14619,"href":"https:\/\/www.groupesenef.com\/es\/wp-json\/wp\/v2\/posts\/13975\/revisions\/14619"}],"wp:featuredmedia":[{"embeddable":true,"href":"https:\/\/www.groupesenef.com\/es\/wp-json\/wp\/v2\/media\/13976"}],"wp:attachment":[{"href":"https:\/\/www.groupesenef.com\/es\/wp-json\/wp\/v2\/media?parent=13975"}],"wp:term":[{"taxonomy":"category","embeddable":true,"href":"https:\/\/www.groupesenef.com\/es\/wp-json\/wp\/v2\/categories?post=13975"},{"taxonomy":"post_tag","embeddable":true,"href":"https:\/\/www.groupesenef.com\/es\/wp-json\/wp\/v2\/tags?post=13975"}],"curies":[{"name":"wp","href":"https:\/\/api.w.org\/{rel}","templated":true}]}}