{"id":12754,"date":"2026-03-06T12:05:58","date_gmt":"2026-03-06T11:05:58","guid":{"rendered":"https:\/\/www.groupesenef.com\/?p=12754"},"modified":"2026-04-29T15:50:11","modified_gmt":"2026-04-29T13:50:11","slug":"coordinacion-sobre-el-terreno","status":"publish","type":"post","link":"https:\/\/www.groupesenef.com\/es\/la-coordination-siege-terrain\/","title":{"rendered":"Coordinaci\u00f3n sede\/terreno: una palanca de rendimiento sostenible para las empresas"},"content":{"rendered":"<div class=\"fusion-fullwidth fullwidth-box fusion-builder-row-1 fusion-flex-container nonhundred-percent-fullwidth non-hundred-percent-height-scrolling\" style=\"--awb-border-radius-top-left:0px;--awb-border-radius-top-right:0px;--awb-border-radius-bottom-right:0px;--awb-border-radius-bottom-left:0px;--awb-flex-wrap:wrap;\" ><div class=\"fusion-builder-row fusion-row fusion-flex-align-items-flex-start fusion-flex-content-wrap\" style=\"max-width:1560px;margin-left: calc(-4% \/ 2 );margin-right: calc(-4% \/ 2 );\"><div class=\"fusion-layout-column fusion_builder_column fusion-builder-column-0 fusion_builder_column_1_1 1_1 fusion-flex-column\" style=\"--awb-bg-blend:overlay;--awb-bg-size:cover;--awb-width-large:100%;--awb-margin-top-large:0px;--awb-spacing-right-large:1.92%;--awb-margin-bottom-large:0px;--awb-spacing-left-large:1.92%;--awb-width-medium:100%;--awb-spacing-right-medium:1.92%;--awb-spacing-left-medium:1.92%;--awb-width-small:100%;--awb-spacing-right-small:1.92%;--awb-spacing-left-small:1.92%;\"><div class=\"fusion-column-wrapper fusion-flex-justify-content-flex-start fusion-content-layout-column\"><div class=\"fusion-text fusion-text-1\"><p><span style=\"font-weight: 400;\">En las organizaciones con varias sedes, el rendimiento no se decide \u00fanicamente en la sede central. Se construye sobre el terreno, donde trabajan los equipos, realizan sus tareas, gestionan los imprevistos y representan a la empresa ante los clientes. <\/span><\/p>\n<p><span style=\"font-weight: 400;\">Pero aqu\u00ed est\u00e1 la cosa: cuanto m\u00e1s crece el negocio, <\/span><b>m\u00e1s compleja se vuelve la coordinaci\u00f3n<\/b><span style=\"font-weight: 400;\">. <\/span><\/p>\n<p><span style=\"font-weight: 400;\">\u00bfC\u00f3mo garantizar<\/span><b> gesti\u00f3n estructurada de los equipos sobre el terreno sin rigidizar la organizaci\u00f3n\u00a0<\/b><span style=\"font-weight: 400;\">? <\/span><\/p>\n<p><span style=\"font-weight: 400;\">\u00bfC\u00f3mo supervisar al personal itinerante manteniendo el compromiso y la eficacia? <\/span><\/p>\n<p><span style=\"font-weight: 400;\">Y sobre todo, \u00bfc\u00f3mo podemos transformar esta coordinaci\u00f3n<\/span><b> en un aut\u00e9ntico motor de rendimiento sostenible<\/b><span style=\"font-weight: 400;\">\u00a0? <\/span><\/p>\n<p><span style=\"font-weight: 400;\">La respuesta est\u00e1 en un sutil equilibrio: una gesti\u00f3n clara, procesos fluidos y una herramienta funcional capaz de apoyar a la empresa sin lastrarla.<\/span><\/p>\n<h4><strong>\u00bfPor qu\u00e9 la gesti\u00f3n de equipos sobre el terreno se ha convertido en una cuesti\u00f3n estrat\u00e9gica?<\/strong><\/h4>\n<p><span style=\"font-weight: 400;\">Los equipos de campo ya est\u00e1n <\/span><b>en el centro de la creaci\u00f3n de valor<\/b><span style=\"font-weight: 400;\">. En muchos sectores, como la limpieza, los servicios personales y la seguridad privada, la calidad del trabajo realizado in situ repercute directamente en el \u00e9xito de la empresa. <\/span><b>satisfacci\u00f3n del cliente<\/b><span style=\"font-weight: 400;\"> y el <\/span><b>sostenibilidad de los contratos<\/b><span style=\"font-weight: 400;\">.<\/span><\/p>\n<p><span style=\"font-weight: 400;\">Los empleados sobre el terreno garantizan :<\/span><\/p>\n<ul>\n<li style=\"font-weight: 400;\" aria-level=\"1\"><span style=\"font-weight: 400;\">continuidad de la actividad, incluso en caso de imprevistos<\/span><\/li>\n<li style=\"font-weight: 400;\" aria-level=\"1\"><span style=\"font-weight: 400;\">cumplimiento de los compromisos contractuales<\/span><\/li>\n<li style=\"font-weight: 400;\" aria-level=\"1\"><span style=\"font-weight: 400;\">la calidad percibida por el cliente final<\/span><\/li>\n<li style=\"font-weight: 400;\" aria-level=\"1\"><span style=\"font-weight: 400;\">la imagen y la credibilidad de la empresa<\/span><\/li>\n<\/ul>\n<p><span style=\"font-weight: 400;\">A diferencia del personal sedentario, los equipos m\u00f3viles operan en <\/span><b>un entorno inestable<\/b><span style=\"font-weight: 400;\">. Tienen que hacer frente a la dispersi\u00f3n geogr\u00e1fica, la gesti\u00f3n de emergencias, la presi\u00f3n del tiempo y, a veces, una autonom\u00eda considerable en el desempe\u00f1o de sus tareas.<\/span><\/p>\n<p><span style=\"font-weight: 400;\">En este contexto, la gesti\u00f3n de los equipos sobre el terreno no puede limitarse a un simple seguimiento administrativo. Se convierte en un <\/span><b>reto estrat\u00e9gico<\/b><span style=\"font-weight: 400;\">. Sin una visibilidad clara de la actividad real, la sede central tiene dificultades para prever las necesidades, ajustar los recursos o medir el rendimiento operativo.<\/span><\/p>\n<p><span style=\"font-weight: 400;\">Pero, \u00bfc\u00f3mo gestionar eficazmente lo que no se ve? A <\/span><b>coordinaci\u00f3n fluida entre la direcci\u00f3n y el terreno<\/b><span style=\"font-weight: 400;\"> nos permite transformar esta complejidad en una ventaja competitiva. Aporta a las empresas la capacidad de anticiparse, adaptarse y optimizar que marca la diferencia en mercados exigentes.<\/span><\/p>\n<h4><strong>Desconexi\u00f3n, desorganizaci\u00f3n, p\u00e9rdida de rendimiento: los riesgos de una mala coordinaci\u00f3n<\/strong><\/h4>\n<p><span style=\"font-weight: 400;\">Cuando la coordinaci\u00f3n se basa \u00fanicamente en intercambios informales, correos electr\u00f3nicos u hojas de c\u00e1lculo aisladas, <\/span><b>las aver\u00edas aparecen r\u00e1pidamente<\/b><span style=\"font-weight: 400;\">. La informaci\u00f3n circula mal, las responsabilidades se difuminan y la gesti\u00f3n se vuelve reactiva en lugar de proactiva.<\/span><\/p>\n<h5><strong>Consecuencias operativas<\/strong><\/h5>\n<p><span style=\"font-weight: 400;\">En t\u00e9rminos operativos, los efectos son tangibles, con el riesgo de que las tareas se ejecuten mal o se dupliquen por falta de visibilidad compartida. Las empresas tambi\u00e9n pueden sufrir retrasos debidos a una mala transmisi\u00f3n de la informaci\u00f3n o a calendarios mal actualizados. Por no hablar del tiempo que se pierde corrigiendo errores en lugar de gestionar la empresa. <\/span><\/p>\n<h5><strong>Consecuencias humanas<\/strong><\/h5>\n<p><span style=\"font-weight: 400;\">Las repercusiones no son s\u00f3lo t\u00e9cnicas: tambi\u00e9n son humanas.\u00a0<\/span><\/p>\n<p><span style=\"font-weight: 400;\">Un equipo sobre el terreno que carece de instrucciones claras o de informaci\u00f3n sobre su trabajo puede perder gradualmente la motivaci\u00f3n. La falta de coordinaci\u00f3n crea un sentimiento de aislamiento. Los empleados tienen la impresi\u00f3n de que est\u00e1n sujetos a las decisiones de la oficina central en lugar de contribuir a ellas.\u00a0<\/span><\/p>\n<p><span style=\"font-weight: 400;\">A medio plazo, esto significa :<\/span><\/p>\n<ul>\n<li style=\"font-weight: 400;\" aria-level=\"1\"><span style=\"font-weight: 400;\">p\u00e9rdida de sentido y de compromiso<\/span><\/li>\n<li style=\"font-weight: 400;\" aria-level=\"1\"><span style=\"font-weight: 400;\">un aumento de la rotaci\u00f3n del personal<\/span><\/li>\n<li style=\"font-weight: 400;\" aria-level=\"1\"><span style=\"font-weight: 400;\">un deterioro de la calidad del servicio<\/span><\/li>\n<\/ul>\n<h5><strong>Consecuencias econ\u00f3micas<\/strong><\/h5>\n<p><span style=\"font-weight: 400;\">Las repercusiones comerciales no se hicieron esperar.\u00a0<\/span><\/p>\n<p><span style=\"font-weight: 400;\">Una organizaci\u00f3n mal estructurada reduce la productividad y aumenta los costes. <\/span><b>costes adicionales invisibles<\/b><span style=\"font-weight: 400;\">\u00a0Por ejemplo, horas extraordinarias imprevistas, medidas correctivas, penalizaciones contractuales o tensiones con los clientes. No olvide que un <\/span><b>deterioro de las relaciones con los clientes<\/b><span style=\"font-weight: 400;\"> puede acelerar la finalizaci\u00f3n de un contrato y da\u00f1ar la reputaci\u00f3n de la organizaci\u00f3n.\u00a0<\/span><\/p>\n<p><span style=\"font-weight: 400;\">As\u00ed que la mala coordinaci\u00f3n no es s\u00f3lo un problema de organizaci\u00f3n. Afecta directamente a la <\/span><b>resultados globales de la empresa<\/b><span style=\"font-weight: 400;\">.<\/span><\/p>\n<h4><strong>Las palancas de una gesti\u00f3n eficaz y sostenible del campo<\/strong><\/h4>\n<p><span style=\"font-weight: 400;\">Poner en pr\u00e1ctica una gesti\u00f3n eficaz de los equipos sobre el terreno exige actuar sobre la organizaci\u00f3n, la cultura de gesti\u00f3n y las herramientas.<\/span><\/p>\n<h5><strong>Un marco claro para los equipos m\u00f3viles<\/strong><\/h5>\n<p><span style=\"font-weight: 400;\">La primera palanca se refiere a la clarificaci\u00f3n del marco. El sitio <\/span><b>papeles<\/b><span style=\"font-weight: 400;\">, <\/span><b>responsabilidades<\/b><span style=\"font-weight: 400;\"> y <\/span><b>procedimientos de campo<\/b><span style=\"font-weight: 400;\"> debe formalizarse. Una gesti\u00f3n clara reduce las zonas grises y garantiza que las tareas se lleven a cabo con seguridad. Cada empleado debe saber qu\u00e9 se espera de \u00e9l, cu\u00e1ndo y con qu\u00e9 normas de calidad.<\/span><\/p>\n<h5><strong>Una visi\u00f3n clara y utilizable del terreno<\/strong><\/h5>\n<p><span style=\"font-weight: 400;\">La segunda palanca se basa en <\/span><b>calidad de la informaci\u00f3n<\/b><span style=\"font-weight: 400;\">. Sin datos fiables y procesos establecidos para transmitirlos a la direcci\u00f3n, es dif\u00edcil evaluar, analizar y mejorar el rendimiento. La gesti\u00f3n se vuelve incierta y las decisiones se basan m\u00e1s en la intuici\u00f3n que en hechos mensurables.\u00a0<\/span><\/p>\n<p><span style=\"font-weight: 400;\">Por tanto, la sede central necesita tener una visi\u00f3n fiable y actualizada del terreno para poder ajustar sus decisiones.\u00a0<\/span><\/p>\n<p><span style=\"font-weight: 400;\">Esto implica <\/span><b>seguimiento estructurado<\/b><span style=\"font-weight: 400;\">\u00a0:\u00a0<\/span><\/p>\n<ul>\n<li style=\"font-weight: 400;\" aria-level=\"1\"><span style=\"font-weight: 400;\">de tiempo de trabajo<\/span><\/li>\n<li style=\"font-weight: 400;\" aria-level=\"1\"><span style=\"font-weight: 400;\">de operaciones realizadas<\/span><\/li>\n<li style=\"font-weight: 400;\" aria-level=\"1\"><span style=\"font-weight: 400;\">y cualquier incidente<\/span><\/li>\n<\/ul>\n<h5><strong>Equipos aut\u00f3nomos y supervisados<\/strong><\/h5>\n<p><span style=\"font-weight: 400;\">Una gesti\u00f3n eficaz no significa un control constante. Al contrario, significa dar a los equipos sobre el terreno una sensaci\u00f3n de control. <\/span><b>autonom\u00eda supervisada<\/b><span style=\"font-weight: 400;\">. Un equipo aut\u00f3nomo pero aislado puede ir a la deriva. Un equipo aut\u00f3nomo y bien equipado rinde m\u00e1s.<\/span><\/p>\n<h5><strong>Dominio de las obligaciones sociales y reglamentarias<\/strong><\/h5>\n<p><span style=\"font-weight: 400;\">Por \u00faltimo, el <\/span><b>respeto del marco jur\u00eddico<\/b><span style=\"font-weight: 400;\"> es un pilar esencial. La gesti\u00f3n debe incorporar las obligaciones relativas a la legislaci\u00f3n laboral, la trazabilidad y el cumplimiento de los RRHH. Una organizaci\u00f3n rigurosa protege a la empresa al tiempo que garantiza la seguridad de sus empleados.\u00a0<\/span><\/p>\n<p><span style=\"font-weight: 400;\">En resumen, la gesti\u00f3n sostenible de los campos se basa en cuatro equilibrios:<\/span><\/p>\n<ol>\n<li style=\"font-weight: 400;\" aria-level=\"1\"><span style=\"font-weight: 400;\">Estructura sin rigidez.<\/span><\/li>\n<li style=\"font-weight: 400;\" aria-level=\"1\"><span style=\"font-weight: 400;\">Dar autonom\u00eda sin perder el control.<\/span><\/li>\n<li style=\"font-weight: 400;\" aria-level=\"1\"><span style=\"font-weight: 400;\">Medir el rendimiento sin complicar la gesti\u00f3n.<\/span><\/li>\n<li style=\"font-weight: 400;\" aria-level=\"1\"><span style=\"font-weight: 400;\">Integrar el cumplimiento del marco jur\u00eddico como base para la coordinaci\u00f3n.<\/span><\/li>\n<\/ol>\n<h4><strong>Centralizar sin rigidizar: el papel clave de las herramientas digitales en la coordinaci\u00f3n sede-campo<\/strong><\/h4>\n<p><span style=\"font-weight: 400;\">A peque\u00f1a escala, una organizaci\u00f3n puede funcionar con <\/span><b>herramientas dispersas<\/b><span style=\"font-weight: 400;\">. Pero en cuanto aumenta el n\u00famero de centros, operaciones o equipos, <\/span><b>aparecen los l\u00edmites<\/b><span style=\"font-weight: 400;\">. \u00bfSabes por qu\u00e9?\u00a0<\/span><\/p>\n<p><b>Porque los sistemas fragmentados conducen a\u00a0<\/b><span style=\"font-weight: 400;\">:<\/span><\/p>\n<ul>\n<li style=\"font-weight: 400;\" aria-level=\"1\"><span style=\"font-weight: 400;\">mayor reintroducci\u00f3n y riesgo de errores<\/span><\/li>\n<li style=\"font-weight: 400;\" aria-level=\"1\"><span style=\"font-weight: 400;\">falta de una visi\u00f3n instant\u00e1nea del campo<\/span><\/li>\n<li style=\"font-weight: 400;\" aria-level=\"1\"><span style=\"font-weight: 400;\">dificultad para optimizar calendarios y recursos<\/span><\/li>\n<li style=\"font-weight: 400;\" aria-level=\"1\"><span style=\"font-weight: 400;\">malabarismos constantes entre Excel, correos electr\u00f3nicos y llamadas<\/span><\/li>\n<li style=\"font-weight: 400;\" aria-level=\"1\"><span style=\"font-weight: 400;\">una creciente carga administrativa para la sede central<\/span><\/li>\n<\/ul>\n<p><span style=\"font-weight: 400;\">De ah\u00ed la importancia de un <\/span><b>software empresarial completo<\/b><span style=\"font-weight: 400;\">, dedicado a la gesti\u00f3n de equipos sobre el terreno. Lejos de ser una limitaci\u00f3n adicional, es, por el contrario, una palanca de eficacia.<\/span><\/p>\n<p><span style=\"font-weight: 400;\">Una herramienta de alto rendimiento permite <\/span><b>centralizar los datos<\/b><span style=\"font-weight: 400;\">, de <\/span><b>hacer m\u00e1s fiable la informaci\u00f3n<\/b><span style=\"font-weight: 400;\"> y\u2019<\/span><b>mejorar la coordinaci\u00f3n<\/b><span style=\"font-weight: 400;\">. La sede cuenta con un <\/span><b>visi\u00f3n en tiempo real<\/b><span style=\"font-weight: 400;\"> e indicadores consolidados para supervisar la actividad. Los equipos sobre el terreno pueden acceder f\u00e1cilmente a sus asignaciones, notificar ajustes y supervisar sus prioridades.<\/span><\/p>\n<p><span style=\"font-weight: 400;\">La ventaja es doble: ahorra tiempo en las funciones de apoyo y simplifica las operaciones cotidianas.<\/span><\/p>\n<p><span style=\"font-weight: 400;\">Por tanto, tenga en cuenta que la digitalizaci\u00f3n no sustituye a la gesti\u00f3n, sino que la refuerza. Convierte los datos en soporte para la toma de decisiones, optimizando la organizaci\u00f3n sin sobrecargar los procesos.<\/span><\/p>\n<h4><strong>\u00bfC\u00f3mo transforman las soluciones del Grupo Senef la coordinaci\u00f3n entre la sede central y el terreno en un motor de rendimiento?<\/strong><\/h4>\n<p><span style=\"font-weight: 400;\">Las soluciones del Grupo Senef responden a este planteamiento: ayudar a las empresas a <\/span><b>gesti\u00f3n estructurada, eficaz y sostenible de los equipos sobre el terreno<\/b><span style=\"font-weight: 400;\">.<\/span><\/p>\n<p><span style=\"font-weight: 400;\">Al concentrar la informaci\u00f3n relativa a las tareas, los calendarios, el tiempo y la retroalimentaci\u00f3n de la actividad en un \u00fanico paquete de software, la organizaci\u00f3n se beneficia de una visi\u00f3n global coherente. Esta <\/span><b>centralizaci\u00f3n<\/b><span style=\"font-weight: 400;\"> optimiza la gesti\u00f3n diaria y reduce el riesgo de errores.<\/span><\/p>\n<p><span style=\"font-weight: 400;\">Los v\u00ednculos entre las funciones de apoyo, los gestores y los equipos sobre el terreno son cada vez m\u00e1s fluidos. Las decisiones se basan en <\/span><b>datos fiables, actualizados y utilizables<\/b><span style=\"font-weight: 400;\">. Los gestores pueden analizar las diferencias de rendimiento, identificar los \u00e1mbitos de mejora y ajustar los recursos en funci\u00f3n de las necesidades reales.<\/span><\/p>\n<p><span style=\"font-weight: 400;\">En la pr\u00e1ctica, esto significa :<\/span><\/p>\n<ul>\n<li style=\"font-weight: 400;\" aria-level=\"1\"><span style=\"font-weight: 400;\">mejor previsi\u00f3n de las cargas de trabajo y las prioridades<\/span><\/li>\n<li style=\"font-weight: 400;\" aria-level=\"1\"><span style=\"font-weight: 400;\">a <\/span><b>reducci\u00f3n de las tareas administrativas<\/b><span style=\"font-weight: 400;\"> con escaso valor a\u00f1adido<\/span><\/li>\n<li style=\"font-weight: 400;\" aria-level=\"1\"><span style=\"font-weight: 400;\">seguimiento preciso del trabajo realizado<\/span><\/li>\n<li style=\"font-weight: 400;\" aria-level=\"1\"><span style=\"font-weight: 400;\">a <\/span><b>mejora continua del rendimiento operativo<\/b><\/li>\n<\/ul>\n<p><span style=\"font-weight: 400;\">Los empleados sobre el terreno adquieren mayor autonom\u00eda y visibilidad. La sede central recupera su capacidad de anticipaci\u00f3n estrat\u00e9gica. La coordinaci\u00f3n deja de ser un obst\u00e1culo operativo para convertirse en una prioridad estrat\u00e9gica. <\/span><b>un potente motor de transformaci\u00f3n<\/b><span style=\"font-weight: 400;\">.<\/span><\/p>\n<h4><strong>En resumen, \u00a1mejor coordinaci\u00f3n para un mejor rendimiento!<\/strong><\/h4>\n<p><span style=\"font-weight: 400;\">En un entorno en el que los equipos est\u00e1n dispersos geogr\u00e1ficamente, las organizaciones son complejas y los clientes cada vez m\u00e1s exigentes, la coordinaci\u00f3n se est\u00e1 convirtiendo en un factor decisivo. Hoy en d\u00eda, es un <\/span><b>un reto clave para las empresas con m\u00faltiples sedes y una gran intensidad operativa<\/b><span style=\"font-weight: 400;\">.\u00a0<\/span><\/p>\n<p><span style=\"font-weight: 400;\">Este v\u00ednculo entre el terreno y la oficina central es esencial. <\/span><b>formidable motor<\/b><span style=\"font-weight: 400;\">\u00a0:\u00a0<\/span><\/p>\n<ul>\n<li aria-level=\"1\"><b>eficacia<\/b><span style=\"font-weight: 400;\">, ya que permite optimizar los recursos y gestionar mejor el tiempo\u00a0<\/span><\/li>\n<\/ul>\n<ul>\n<li aria-level=\"1\"><b>compromiso<\/b><span style=\"font-weight: 400;\">, porque da visibilidad y sentido a los equipos<\/span><\/li>\n<\/ul>\n<ul>\n<li aria-level=\"1\"><b>calidad<\/b><span style=\"font-weight: 400;\">, porque garantiza la ejecuci\u00f3n y aumenta la satisfacci\u00f3n del cliente<\/span><\/li>\n<\/ul>\n<p><span style=\"font-weight: 400;\">Las empresas que optan por invertir en un enfoque de gesti\u00f3n estructurado, apoyado por <\/span><b>herramientas adaptadas a las realidades sobre el terreno<\/b><span style=\"font-weight: 400;\"> Las soluciones del Grupo Senef les proporcionan una ventaja competitiva sostenible.<\/span><\/p>\n<p><span style=\"font-weight: 400;\">As\u00ed pues, la cuesti\u00f3n ya no es saber si hay que mejorar la coordinaci\u00f3n. Se trata de determinar c\u00f3mo convertirla en una palanca estrat\u00e9gica de pleno derecho, al servicio de un rendimiento controlado y sostenible.<\/span><\/p>\n<p><strong>Para ponerse en contacto con nosotros, haga clic aqu\u00ed:<\/strong> <a href=\"mailto:Marketing@groupesenef.com\">Marketing@groupesenef.com<\/a><\/p>\n<p><a href=\"https:\/\/www.linkedin.com\/company\/groupe-senef\/posts\/?feedView=all\">S\u00edguenos en LinkedIn\u00a0<\/a><\/p>\n<h2 class=\"fusion-responsive-typography-calculated\" style=\"--fontsize: 48; line-height: 1.1;\" data-fontsize=\"48\" data-lineheight=\"52.8px\"><\/h2>\n<\/div><\/div><\/div><\/div><\/div><!-- \/wp:post-content -->","protected":false},"excerpt":{"rendered":"<p>En las organizaciones con varias sedes, el rendimiento no se decide \u00fanicamente en la sede central. Se construye sobre el terreno, donde trabajan los equipos, realizan sus tareas, gestionan los imprevistos y representan a la empresa ante los clientes.<\/p>","protected":false},"author":2,"featured_media":13800,"comment_status":"closed","ping_status":"open","sticky":false,"template":"","format":"gallery","meta":{"_acf_changed":false,"footnotes":""},"categories":[51],"tags":[76,74,75],"class_list":["post-12754","post","type-post","status-publish","format-gallery","has-post-thumbnail","hentry","category-planification","tag-coordination","tag-erp","tag-logiciel-de-gestion","post_format-post-format-gallery"],"acf":[],"yoast_head":"<!-- This site is optimized with the Yoast SEO plugin v27.4 - https:\/\/yoast.com\/product\/yoast-seo-wordpress\/ -->\n<title>Comment am\u00e9liorer la coordination si\u00e8ge-terrain ?<\/title>\n<meta name=\"description\" content=\"D\u00e9couvrez comment am\u00e9liorer la coordination entre si\u00e8ge et \u00e9quipes terrain pour optimiser la gestion et la performance op\u00e9rationnelle.\" \/>\n<meta name=\"robots\" content=\"index, follow, max-snippet:-1, max-image-preview:large, max-video-preview:-1\" \/>\n<link rel=\"canonical\" href=\"https:\/\/www.groupesenef.com\/es\/coordinacion-sobre-el-terreno\/\" \/>\n<meta property=\"og:locale\" content=\"es_ES\" \/>\n<meta property=\"og:type\" content=\"article\" \/>\n<meta property=\"og:title\" content=\"Comment am\u00e9liorer la coordination si\u00e8ge-terrain ?\" \/>\n<meta property=\"og:description\" content=\"D\u00e9couvrez comment am\u00e9liorer la coordination entre si\u00e8ge et \u00e9quipes terrain pour optimiser la gestion et la performance op\u00e9rationnelle.\" \/>\n<meta property=\"og:url\" content=\"https:\/\/www.groupesenef.com\/es\/coordinacion-sobre-el-terreno\/\" \/>\n<meta property=\"og:site_name\" content=\"Groupe Senef\" \/>\n<meta property=\"article:publisher\" content=\"https:\/\/www.facebook.com\/groupesenef\/?locale=fr_FR\" \/>\n<meta property=\"article:published_time\" content=\"2026-03-06T11:05:58+00:00\" \/>\n<meta property=\"article:modified_time\" content=\"2026-04-29T13:50:11+00:00\" \/>\n<meta property=\"og:image\" content=\"https:\/\/www.groupesenef.com\/wp-content\/uploads\/2026\/03\/towfiqu-barbhuiya-ho-p7qLBewk-unsplash-scaled-e1774892513849.jpg\" \/>\n\t<meta property=\"og:image:width\" content=\"2000\" \/>\n\t<meta property=\"og:image:height\" content=\"1707\" \/>\n\t<meta property=\"og:image:type\" content=\"image\/jpeg\" \/>\n<meta name=\"author\" content=\"Laure\" \/>\n<meta name=\"twitter:card\" content=\"summary_large_image\" \/>\n<meta name=\"twitter:label1\" content=\"Escrito por\" \/>\n\t<meta name=\"twitter:data1\" content=\"Laure\" \/>\n\t<meta name=\"twitter:label2\" content=\"Tiempo de lectura\" \/>\n\t<meta name=\"twitter:data2\" content=\"8 minutos\" \/>\n<script type=\"application\/ld+json\" class=\"yoast-schema-graph\">{\"@context\":\"https:\\\/\\\/schema.org\",\"@graph\":[{\"@type\":\"Article\",\"@id\":\"https:\\\/\\\/www.groupesenef.com\\\/la-coordination-siege-terrain\\\/#article\",\"isPartOf\":{\"@id\":\"https:\\\/\\\/www.groupesenef.com\\\/la-coordination-siege-terrain\\\/\"},\"author\":{\"name\":\"Laure\",\"@id\":\"https:\\\/\\\/www.groupesenef.com\\\/#\\\/schema\\\/person\\\/166dc65bc4310db101d3456bde59b135\"},\"headline\":\"La coordination si\u00e8ge-terrain : un levier de performance durable pour les entreprises\",\"datePublished\":\"2026-03-06T11:05:58+00:00\",\"dateModified\":\"2026-04-29T13:50:11+00:00\",\"mainEntityOfPage\":{\"@id\":\"https:\\\/\\\/www.groupesenef.com\\\/la-coordination-siege-terrain\\\/\"},\"wordCount\":1943,\"publisher\":{\"@id\":\"https:\\\/\\\/www.groupesenef.com\\\/#organization\"},\"image\":{\"@id\":\"https:\\\/\\\/www.groupesenef.com\\\/la-coordination-siege-terrain\\\/#primaryimage\"},\"thumbnailUrl\":\"https:\\\/\\\/www.groupesenef.com\\\/wp-content\\\/uploads\\\/2026\\\/03\\\/towfiqu-barbhuiya-ho-p7qLBewk-unsplash-scaled-e1774892513849.jpg\",\"keywords\":[\"Coordination\",\"ERP\",\"Logiciel de gestion\"],\"articleSection\":[\"planification\"],\"inLanguage\":\"es\"},{\"@type\":\"WebPage\",\"@id\":\"https:\\\/\\\/www.groupesenef.com\\\/la-coordination-siege-terrain\\\/\",\"url\":\"https:\\\/\\\/www.groupesenef.com\\\/la-coordination-siege-terrain\\\/\",\"name\":\"Comment am\u00e9liorer la coordination si\u00e8ge-terrain ?\",\"isPartOf\":{\"@id\":\"https:\\\/\\\/www.groupesenef.com\\\/#website\"},\"primaryImageOfPage\":{\"@id\":\"https:\\\/\\\/www.groupesenef.com\\\/la-coordination-siege-terrain\\\/#primaryimage\"},\"image\":{\"@id\":\"https:\\\/\\\/www.groupesenef.com\\\/la-coordination-siege-terrain\\\/#primaryimage\"},\"thumbnailUrl\":\"https:\\\/\\\/www.groupesenef.com\\\/wp-content\\\/uploads\\\/2026\\\/03\\\/towfiqu-barbhuiya-ho-p7qLBewk-unsplash-scaled-e1774892513849.jpg\",\"datePublished\":\"2026-03-06T11:05:58+00:00\",\"dateModified\":\"2026-04-29T13:50:11+00:00\",\"description\":\"D\u00e9couvrez comment am\u00e9liorer la coordination entre si\u00e8ge et \u00e9quipes terrain pour optimiser la gestion et la performance op\u00e9rationnelle.\",\"breadcrumb\":{\"@id\":\"https:\\\/\\\/www.groupesenef.com\\\/la-coordination-siege-terrain\\\/#breadcrumb\"},\"inLanguage\":\"es\",\"potentialAction\":[{\"@type\":\"ReadAction\",\"target\":[\"https:\\\/\\\/www.groupesenef.com\\\/la-coordination-siege-terrain\\\/\"]}]},{\"@type\":\"ImageObject\",\"inLanguage\":\"es\",\"@id\":\"https:\\\/\\\/www.groupesenef.com\\\/la-coordination-siege-terrain\\\/#primaryimage\",\"url\":\"https:\\\/\\\/www.groupesenef.com\\\/wp-content\\\/uploads\\\/2026\\\/03\\\/towfiqu-barbhuiya-ho-p7qLBewk-unsplash-scaled-e1774892513849.jpg\",\"contentUrl\":\"https:\\\/\\\/www.groupesenef.com\\\/wp-content\\\/uploads\\\/2026\\\/03\\\/towfiqu-barbhuiya-ho-p7qLBewk-unsplash-scaled-e1774892513849.jpg\",\"width\":2000,\"height\":1707},{\"@type\":\"BreadcrumbList\",\"@id\":\"https:\\\/\\\/www.groupesenef.com\\\/la-coordination-siege-terrain\\\/#breadcrumb\",\"itemListElement\":[{\"@type\":\"ListItem\",\"position\":1,\"name\":\"Accueil\",\"item\":\"https:\\\/\\\/www.groupesenef.com\\\/\"},{\"@type\":\"ListItem\",\"position\":2,\"name\":\"La coordination si\u00e8ge-terrain : un levier de performance durable pour les entreprises\"}]},{\"@type\":\"WebSite\",\"@id\":\"https:\\\/\\\/www.groupesenef.com\\\/#website\",\"url\":\"https:\\\/\\\/www.groupesenef.com\\\/\",\"name\":\"Groupe Senef\",\"description\":\"\",\"publisher\":{\"@id\":\"https:\\\/\\\/www.groupesenef.com\\\/#organization\"},\"potentialAction\":[{\"@type\":\"SearchAction\",\"target\":{\"@type\":\"EntryPoint\",\"urlTemplate\":\"https:\\\/\\\/www.groupesenef.com\\\/?s={search_term_string}\"},\"query-input\":{\"@type\":\"PropertyValueSpecification\",\"valueRequired\":true,\"valueName\":\"search_term_string\"}}],\"inLanguage\":\"es\"},{\"@type\":\"Organization\",\"@id\":\"https:\\\/\\\/www.groupesenef.com\\\/#organization\",\"name\":\"Groupe Senef\",\"url\":\"https:\\\/\\\/www.groupesenef.com\\\/\",\"logo\":{\"@type\":\"ImageObject\",\"inLanguage\":\"es\",\"@id\":\"https:\\\/\\\/www.groupesenef.com\\\/#\\\/schema\\\/logo\\\/image\\\/\",\"url\":\"https:\\\/\\\/www.groupesenef.com\\\/wp-content\\\/uploads\\\/2026\\\/02\\\/Calque_1-13.svg\",\"contentUrl\":\"https:\\\/\\\/www.groupesenef.com\\\/wp-content\\\/uploads\\\/2026\\\/02\\\/Calque_1-13.svg\",\"width\":281,\"height\":49,\"caption\":\"Groupe Senef\"},\"image\":{\"@id\":\"https:\\\/\\\/www.groupesenef.com\\\/#\\\/schema\\\/logo\\\/image\\\/\"},\"sameAs\":[\"https:\\\/\\\/www.facebook.com\\\/groupesenef\\\/?locale=fr_FR\"]},{\"@type\":\"Person\",\"@id\":\"https:\\\/\\\/www.groupesenef.com\\\/#\\\/schema\\\/person\\\/166dc65bc4310db101d3456bde59b135\",\"name\":\"Laure\",\"image\":{\"@type\":\"ImageObject\",\"inLanguage\":\"es\",\"@id\":\"https:\\\/\\\/secure.gravatar.com\\\/avatar\\\/df754be39fe587a2626c31f6bd41a0d96ac5954171da9a56191581b796fd1f25?s=96&d=mm&r=g\",\"url\":\"https:\\\/\\\/secure.gravatar.com\\\/avatar\\\/df754be39fe587a2626c31f6bd41a0d96ac5954171da9a56191581b796fd1f25?s=96&d=mm&r=g\",\"contentUrl\":\"https:\\\/\\\/secure.gravatar.com\\\/avatar\\\/df754be39fe587a2626c31f6bd41a0d96ac5954171da9a56191581b796fd1f25?s=96&d=mm&r=g\",\"caption\":\"Laure\"},\"url\":\"https:\\\/\\\/www.groupesenef.com\\\/es\\\/author\\\/laure\\\/\"}]}<\/script>\n<!-- \/ Yoast SEO plugin. -->","yoast_head_json":{"title":"\u00bfC\u00f3mo mejorar la coordinaci\u00f3n entre la sede central y el terreno?","description":"Descubra c\u00f3mo mejorar la coordinaci\u00f3n entre la sede central y los equipos sobre el terreno para optimizar la gesti\u00f3n y el rendimiento operativo.","robots":{"index":"index","follow":"follow","max-snippet":"max-snippet:-1","max-image-preview":"max-image-preview:large","max-video-preview":"max-video-preview:-1"},"canonical":"https:\/\/www.groupesenef.com\/es\/coordinacion-sobre-el-terreno\/","og_locale":"es_ES","og_type":"article","og_title":"Comment am\u00e9liorer la coordination si\u00e8ge-terrain ?","og_description":"D\u00e9couvrez comment am\u00e9liorer la coordination entre si\u00e8ge et \u00e9quipes terrain pour optimiser la gestion et la performance op\u00e9rationnelle.","og_url":"https:\/\/www.groupesenef.com\/es\/coordinacion-sobre-el-terreno\/","og_site_name":"Groupe Senef","article_publisher":"https:\/\/www.facebook.com\/groupesenef\/?locale=fr_FR","article_published_time":"2026-03-06T11:05:58+00:00","article_modified_time":"2026-04-29T13:50:11+00:00","og_image":[{"width":2000,"height":1707,"url":"https:\/\/www.groupesenef.com\/wp-content\/uploads\/2026\/03\/towfiqu-barbhuiya-ho-p7qLBewk-unsplash-scaled-e1774892513849.jpg","type":"image\/jpeg"}],"author":"Laure","twitter_card":"summary_large_image","twitter_misc":{"Escrito por":"Laure","Tiempo de lectura":"8 minutos"},"schema":{"@context":"https:\/\/schema.org","@graph":[{"@type":"Article","@id":"https:\/\/www.groupesenef.com\/la-coordination-siege-terrain\/#article","isPartOf":{"@id":"https:\/\/www.groupesenef.com\/la-coordination-siege-terrain\/"},"author":{"name":"Laure","@id":"https:\/\/www.groupesenef.com\/#\/schema\/person\/166dc65bc4310db101d3456bde59b135"},"headline":"La coordination si\u00e8ge-terrain : un levier de performance durable pour les entreprises","datePublished":"2026-03-06T11:05:58+00:00","dateModified":"2026-04-29T13:50:11+00:00","mainEntityOfPage":{"@id":"https:\/\/www.groupesenef.com\/la-coordination-siege-terrain\/"},"wordCount":1943,"publisher":{"@id":"https:\/\/www.groupesenef.com\/#organization"},"image":{"@id":"https:\/\/www.groupesenef.com\/la-coordination-siege-terrain\/#primaryimage"},"thumbnailUrl":"https:\/\/www.groupesenef.com\/wp-content\/uploads\/2026\/03\/towfiqu-barbhuiya-ho-p7qLBewk-unsplash-scaled-e1774892513849.jpg","keywords":["Coordination","ERP","Logiciel de gestion"],"articleSection":["planification"],"inLanguage":"es"},{"@type":"WebPage","@id":"https:\/\/www.groupesenef.com\/la-coordination-siege-terrain\/","url":"https:\/\/www.groupesenef.com\/la-coordination-siege-terrain\/","name":"\u00bfC\u00f3mo mejorar la coordinaci\u00f3n entre la sede central y el terreno?","isPartOf":{"@id":"https:\/\/www.groupesenef.com\/#website"},"primaryImageOfPage":{"@id":"https:\/\/www.groupesenef.com\/la-coordination-siege-terrain\/#primaryimage"},"image":{"@id":"https:\/\/www.groupesenef.com\/la-coordination-siege-terrain\/#primaryimage"},"thumbnailUrl":"https:\/\/www.groupesenef.com\/wp-content\/uploads\/2026\/03\/towfiqu-barbhuiya-ho-p7qLBewk-unsplash-scaled-e1774892513849.jpg","datePublished":"2026-03-06T11:05:58+00:00","dateModified":"2026-04-29T13:50:11+00:00","description":"Descubra c\u00f3mo mejorar la coordinaci\u00f3n entre la sede central y los equipos sobre el terreno para optimizar la gesti\u00f3n y el rendimiento operativo.","breadcrumb":{"@id":"https:\/\/www.groupesenef.com\/la-coordination-siege-terrain\/#breadcrumb"},"inLanguage":"es","potentialAction":[{"@type":"ReadAction","target":["https:\/\/www.groupesenef.com\/la-coordination-siege-terrain\/"]}]},{"@type":"ImageObject","inLanguage":"es","@id":"https:\/\/www.groupesenef.com\/la-coordination-siege-terrain\/#primaryimage","url":"https:\/\/www.groupesenef.com\/wp-content\/uploads\/2026\/03\/towfiqu-barbhuiya-ho-p7qLBewk-unsplash-scaled-e1774892513849.jpg","contentUrl":"https:\/\/www.groupesenef.com\/wp-content\/uploads\/2026\/03\/towfiqu-barbhuiya-ho-p7qLBewk-unsplash-scaled-e1774892513849.jpg","width":2000,"height":1707},{"@type":"BreadcrumbList","@id":"https:\/\/www.groupesenef.com\/la-coordination-siege-terrain\/#breadcrumb","itemListElement":[{"@type":"ListItem","position":1,"name":"Accueil","item":"https:\/\/www.groupesenef.com\/"},{"@type":"ListItem","position":2,"name":"La coordination si\u00e8ge-terrain : un levier de performance durable pour les entreprises"}]},{"@type":"WebSite","@id":"https:\/\/www.groupesenef.com\/#website","url":"https:\/\/www.groupesenef.com\/","name":"Grupo Senef","description":"","publisher":{"@id":"https:\/\/www.groupesenef.com\/#organization"},"potentialAction":[{"@type":"SearchAction","target":{"@type":"EntryPoint","urlTemplate":"https:\/\/www.groupesenef.com\/?s={search_term_string}"},"query-input":{"@type":"PropertyValueSpecification","valueRequired":true,"valueName":"search_term_string"}}],"inLanguage":"es"},{"@type":"Organization","@id":"https:\/\/www.groupesenef.com\/#organization","name":"Grupo Senef","url":"https:\/\/www.groupesenef.com\/","logo":{"@type":"ImageObject","inLanguage":"es","@id":"https:\/\/www.groupesenef.com\/#\/schema\/logo\/image\/","url":"https:\/\/www.groupesenef.com\/wp-content\/uploads\/2026\/02\/Calque_1-13.svg","contentUrl":"https:\/\/www.groupesenef.com\/wp-content\/uploads\/2026\/02\/Calque_1-13.svg","width":281,"height":49,"caption":"Groupe Senef"},"image":{"@id":"https:\/\/www.groupesenef.com\/#\/schema\/logo\/image\/"},"sameAs":["https:\/\/www.facebook.com\/groupesenef\/?locale=fr_FR"]},{"@type":"Person","@id":"https:\/\/www.groupesenef.com\/#\/schema\/person\/166dc65bc4310db101d3456bde59b135","name":"Laure","image":{"@type":"ImageObject","inLanguage":"es","@id":"https:\/\/secure.gravatar.com\/avatar\/df754be39fe587a2626c31f6bd41a0d96ac5954171da9a56191581b796fd1f25?s=96&d=mm&r=g","url":"https:\/\/secure.gravatar.com\/avatar\/df754be39fe587a2626c31f6bd41a0d96ac5954171da9a56191581b796fd1f25?s=96&d=mm&r=g","contentUrl":"https:\/\/secure.gravatar.com\/avatar\/df754be39fe587a2626c31f6bd41a0d96ac5954171da9a56191581b796fd1f25?s=96&d=mm&r=g","caption":"Laure"},"url":"https:\/\/www.groupesenef.com\/es\/author\/laure\/"}]}},"_links":{"self":[{"href":"https:\/\/www.groupesenef.com\/es\/wp-json\/wp\/v2\/posts\/12754","targetHints":{"allow":["GET"]}}],"collection":[{"href":"https:\/\/www.groupesenef.com\/es\/wp-json\/wp\/v2\/posts"}],"about":[{"href":"https:\/\/www.groupesenef.com\/es\/wp-json\/wp\/v2\/types\/post"}],"author":[{"embeddable":true,"href":"https:\/\/www.groupesenef.com\/es\/wp-json\/wp\/v2\/users\/2"}],"replies":[{"embeddable":true,"href":"https:\/\/www.groupesenef.com\/es\/wp-json\/wp\/v2\/comments?post=12754"}],"version-history":[{"count":6,"href":"https:\/\/www.groupesenef.com\/es\/wp-json\/wp\/v2\/posts\/12754\/revisions"}],"predecessor-version":[{"id":13803,"href":"https:\/\/www.groupesenef.com\/es\/wp-json\/wp\/v2\/posts\/12754\/revisions\/13803"}],"wp:featuredmedia":[{"embeddable":true,"href":"https:\/\/www.groupesenef.com\/es\/wp-json\/wp\/v2\/media\/13800"}],"wp:attachment":[{"href":"https:\/\/www.groupesenef.com\/es\/wp-json\/wp\/v2\/media?parent=12754"}],"wp:term":[{"taxonomy":"category","embeddable":true,"href":"https:\/\/www.groupesenef.com\/es\/wp-json\/wp\/v2\/categories?post=12754"},{"taxonomy":"post_tag","embeddable":true,"href":"https:\/\/www.groupesenef.com\/es\/wp-json\/wp\/v2\/tags?post=12754"}],"curies":[{"name":"wp","href":"https:\/\/api.w.org\/{rel}","templated":true}]}}