{"id":12752,"date":"2026-03-06T12:05:23","date_gmt":"2026-03-06T11:05:23","guid":{"rendered":"https:\/\/www.groupesenef.com\/?p=12752"},"modified":"2026-04-29T15:48:52","modified_gmt":"2026-04-29T13:48:52","slug":"revolucione-la-gestion-de-la-programacion-de-su-empresa-2","status":"publish","type":"post","link":"https:\/\/www.groupesenef.com\/es\/revolutionnez-la-gestion-des-plannings-dans-vos-entreprises-2\/","title":{"rendered":"Interclean: la principal feria internacional de limpieza y saneamiento profesional"},"content":{"rendered":"<p><\/p>\r\n<p><span style=\"font-weight: 400;\"><strong>Como usted sabe:<\/strong> El sector de la limpieza profesional evoluciona constantemente. Entre el aumento de los requisitos de higiene, los cambios organizativos, la presi\u00f3n sobre los m\u00e1rgenes y las expectativas cada vez m\u00e1s altas de los clientes, las empresas tienen que adaptar constantemente sus pr\u00e1cticas. <\/span><\/p>\r\n<p><span style=\"font-weight: 400;\">En este contexto, determinados acontecimientos desempe\u00f1an un papel clave para apoyar el desarrollo de los agentes del sector. <\/span><\/p>\r\n<p><b><a href=\"https:\/\/www.intercleanshow.com\/amsterdam\/register\">Interclean<\/a> es uno de esos acontecimientos que no hay que perderse<\/b><span style=\"font-weight: 400;\">. <\/span><\/p>\r\n<p><span style=\"font-weight: 400;\">Celebrado en \u00c1msterdam, este <\/span><b>principal exposici\u00f3n internacional<\/b><span style=\"font-weight: 400;\"> re\u00fane a todo el ecosistema de la limpieza profesional para mostrar las \u00faltimas innovaciones, soluciones y equipos del mercado. <\/span><\/p>\r\n<p><span style=\"font-weight: 400;\">Pero, \u00bfqu\u00e9 hace que Interclean sea tan especial? <\/span><\/p>\r\n<p><span style=\"font-weight: 400;\">\u00bfPor qu\u00e9 atrae cada a\u00f1o a miles de visitantes y expositores de todo el mundo? <\/span><\/p>\r\n<p><span style=\"font-weight: 400;\">Y <\/span><b>\u00bfC\u00f3mo puede apoyar realmente el rendimiento y el desarrollo de una empresa de limpieza?<\/b><span style=\"font-weight: 400;\">\u00a0? Ac\u00e9rquese a un acontecimiento bienal que no debe perderse. <\/span><\/p>\r\n<h2><strong>Interclean: definici\u00f3n y papel del sal\u00f3n en el ecosistema de la limpieza profesional<\/strong><\/h2>\r\n<p><span style=\"font-weight: 400;\">Interclean Amsterdam ha sido reconocida como <\/span><b>la mayor y m\u00e1s influyente exposici\u00f3n dedicada a la limpieza, la higiene y los servicios de limpieza profesional <\/b><span style=\"font-weight: 400;\">a escala internacional.<\/span><\/p>\r\n<p><span style=\"font-weight: 400;\">Este gran acontecimiento, verdadera encrucijada de intercambios e innovaci\u00f3n, re\u00fane bajo un mismo techo a todos los protagonistas del sector. \u00bfSu objetivo? Presentar los \u00faltimos avances del mercado, compartir las mejores pr\u00e1cticas y anticipar la evoluci\u00f3n futura.<\/span><\/p>\r\n<p><span style=\"font-weight: 400;\">Con <\/span><b>m\u00e1s de 900 expositores<\/b><span style=\"font-weight: 400;\"> de todas las profesiones y condiciones sociales <\/span><b>30.000 visitantes<\/b><span style=\"font-weight: 400;\"> que representan m\u00e1s de <\/span><b>140 pa\u00edses<\/b><span style=\"font-weight: 400;\">, Interclean se ha consolidado como la referencia mundial indiscutible del sector de la limpieza.\u00a0<\/span><\/p>\r\n<p><span style=\"font-weight: 400;\">Adem\u00e1s de su dimensi\u00f3n comercial, el espect\u00e1culo <\/span><b>desempe\u00f1a un papel destacado en la profesionalizaci\u00f3n del sector<\/b><span style=\"font-weight: 400;\">. Pone de relieve cuestiones transversales como el rendimiento operativo, la digitalizaci\u00f3n de las organizaciones, la mejora de las condiciones de trabajo y el desarrollo sostenible. De este modo, Interclean contribuye activamente a dar forma al futuro del sector de la limpieza.<\/span><\/p>\r\n<h3><strong>\u00bfCu\u00e1ndo se celebra Interclean y con qu\u00e9 frecuencia?<\/strong><\/h3>\r\n<p><span style=\"font-weight: 400;\">La primera Interclean Amsterdam se celebr\u00f3 en 1967. Desde entonces, la feria se ha celebrado <\/span><b>cada dos a\u00f1os<\/b><span style=\"font-weight: 400;\">, tradicionalmente en <\/span><b>primavera<\/b><span style=\"font-weight: 400;\">. Este <\/span><b>cada dos a\u00f1os<\/b><span style=\"font-weight: 400;\"> permite a los expositores mostrar verdaderas innovaciones estructurantes, al tiempo que ofrece a los visitantes una visi\u00f3n clara de las principales tendencias del mercado.<\/span><\/p>\r\n<p><span style=\"font-weight: 400;\">La pr\u00f3xima edici\u00f3n de este acontecimiento emblem\u00e1tico est\u00e1 prevista a partir de <\/span><b>Del 14 al 17 de abril de 2026<\/b><span style=\"font-weight: 400;\">, Y como cada a\u00f1o, se celebrar\u00e1 en la capital neerlandesa. La elecci\u00f3n de\u2019<\/span><b>\u00c1msterdam como ciudad anfitriona <\/b><span style=\"font-weight: 400;\">no es moco de pavo. La ciudad ofrece una accesibilidad excepcional gracias a su ubicaci\u00f3n central en Europa, su aeropuerto internacional Schiphol y su eficaz red de transportes.<\/span><\/p>\r\n<p><span style=\"font-weight: 400;\">Le <\/span><b>Centro de Convenciones RAI de \u00c1msterdam<\/b><span style=\"font-weight: 400;\">, El recinto ferial, donde se celebra el evento, cuenta con una moderna infraestructura repartida en 12 pabellones de exposici\u00f3n. Suficientes para acoger c\u00f3modamente a los miles de visitantes y expositores que se esperan.<\/span><\/p>\r\n<h3><strong>\u00bfQu\u00e9 tipo de sal\u00f3n es Interclean?<\/strong><\/h3>\r\n<p><span style=\"font-weight: 400;\">Interclean es ante todo un <\/span><b>B2B (<\/b><b><i>Empresa a empresa<\/i><\/b><b>)<\/b><span style=\"font-weight: 400;\">, dise\u00f1ado para satisfacer las necesidades espec\u00edficas de los profesionales de la limpieza.<\/span><\/p>\r\n<p><span style=\"font-weight: 400;\">En <\/span><b>perfiles presentes<\/b><span style=\"font-weight: 400;\"> son variados:<\/span><\/p>\r\n<ul>\r\n<li style=\"font-weight: 400;\" aria-level=\"1\"><span style=\"font-weight: 400;\">directores y gerentes de empresas de limpieza ;\u00a0<\/span><\/li>\r\n<li style=\"font-weight: 400;\" aria-level=\"1\"><span style=\"font-weight: 400;\">compradores y prescriptores de servicios de limpieza;<\/span><\/li>\r\n<li style=\"font-weight: 400;\" aria-level=\"1\"><span style=\"font-weight: 400;\">fabricantes y distribuidores de equipos y productos ;<\/span><\/li>\r\n<li style=\"font-weight: 400;\" aria-level=\"1\"><span style=\"font-weight: 400;\">de los sectores de la construcci\u00f3n y la gesti\u00f3n de instalaciones;<\/span><\/li>\r\n<li style=\"font-weight: 400;\" aria-level=\"1\"><span style=\"font-weight: 400;\">expertos en higiene y saneamiento;<\/span><\/li>\r\n<li style=\"font-weight: 400;\" aria-level=\"1\"><span style=\"font-weight: 400;\">investigadores e innovadores del sector.\u00a0<\/span><\/li>\r\n<\/ul>\r\n<p><span style=\"font-weight: 400;\">El acto abarca <\/span><b>todos los aspectos de la limpieza profesional<\/b><span style=\"font-weight: 400;\">\u00a0:\u00a0<\/span><\/p>\r\n<ul>\r\n<li style=\"font-weight: 400;\" aria-level=\"1\"><span style=\"font-weight: 400;\">detergentes y desinfectantes ;\u00a0<\/span><\/li>\r\n<li style=\"font-weight: 400;\" aria-level=\"1\"><span style=\"font-weight: 400;\">materiales, equipos, maquinaria ;<\/span><\/li>\r\n<li style=\"font-weight: 400;\" aria-level=\"1\"><span style=\"font-weight: 400;\">salud e higiene ;\u00a0<\/span><\/li>\r\n<li style=\"font-weight: 400;\" aria-level=\"1\"><span style=\"font-weight: 400;\">limpieza con vapor y alta presi\u00f3n ;\u00a0<\/span><\/li>\r\n<li style=\"font-weight: 400;\" aria-level=\"1\"><span style=\"font-weight: 400;\">sanitario ;\u00a0<\/span><\/li>\r\n<li style=\"font-weight: 400;\" aria-level=\"1\"><span style=\"font-weight: 400;\">limpieza de cristales ;\u00a0<\/span><\/li>\r\n<li style=\"font-weight: 400;\" aria-level=\"1\"><span style=\"font-weight: 400;\">cuidado del lino y los textiles ;<\/span><\/li>\r\n<li style=\"font-weight: 400;\" aria-level=\"1\"><span style=\"font-weight: 400;\">datos y tecnolog\u00eda.\u00a0<\/span><\/li>\r\n<\/ul>\r\n<p><span style=\"font-weight: 400;\">En t\u00e9rminos de organizaci\u00f3n, Interclean cuenta con <\/span><b>zonas dedicadas a cada uno de estos segmentos<\/b><span style=\"font-weight: 400;\"> facilitar los intercambios espec\u00edficos y el descubrimiento de ofertas pertinentes en funci\u00f3n de las actividades.\u00a0<\/span><\/p>\r\n<p><span style=\"font-weight: 400;\">Este enfoque global es ideal para ofrecer a los visitantes una visi\u00f3n completa del mercado y permitirles identificar soluciones adaptadas a sus necesidades espec\u00edficas.<\/span><\/p>\r\n<h3><strong>Lo que encontrar\u00e1 en Interclean: innovaciones, soluciones y tendencias del sector<\/strong><\/h3>\r\n<p><span style=\"font-weight: 400;\">Interclean es ante todo un <\/span><b>un formidable escaparate de las \u00faltimas tendencias en limpieza profesional<\/b><span style=\"font-weight: 400;\">. El sal\u00f3n pone de relieve las innovaciones concretas dise\u00f1adas para mejorar el rendimiento, la calidad del servicio y las condiciones de trabajo.<\/span><\/p>\r\n<p><span style=\"font-weight: 400;\">Entre los <\/span><b>principales tendencias observadas<\/b><span style=\"font-weight: 400;\"> incluyen :<\/span><\/p>\r\n<ul>\r\n<li style=\"font-weight: 400;\" aria-level=\"1\"><span style=\"font-weight: 400;\">robotizaci\u00f3n y automatizaci\u00f3n de las tareas de limpieza;<\/span><\/li>\r\n<li style=\"font-weight: 400;\" aria-level=\"1\"><span style=\"font-weight: 400;\">soluciones conectadas y uso de datos ;<\/span><\/li>\r\n<li style=\"font-weight: 400;\" aria-level=\"1\"><span style=\"font-weight: 400;\">sistemas inteligentes de gesti\u00f3n de recursos ;\u00a0<\/span><\/li>\r\n<li style=\"font-weight: 400;\" aria-level=\"1\"><span style=\"font-weight: 400;\">equipos ergon\u00f3micos para mejorar la seguridad y la comodidad del equipo;<\/span><\/li>\r\n<li style=\"font-weight: 400;\" aria-level=\"1\"><span style=\"font-weight: 400;\">productos respetuosos con el medio ambiente y planteamientos ecol\u00f3gicos;<\/span><\/li>\r\n<li style=\"font-weight: 400;\" aria-level=\"1\"><span style=\"font-weight: 400;\">avances en higiene sanitaria y desinfecci\u00f3n;<\/span><\/li>\r\n<li style=\"font-weight: 400;\" aria-level=\"1\"><span style=\"font-weight: 400;\">nuevos enfoques del mantenimiento y la gesti\u00f3n de edificios.<\/span><\/li>\r\n<\/ul>\r\n<p><span style=\"font-weight: 400;\">El sal\u00f3n tambi\u00e9n ofrece un rico programa de m\u00e1s de <\/span><b>100 conferencias, demostraciones y talleres interactivos<\/b><span style=\"font-weight: 400;\">. Estos puntos destacados brindan a los visitantes la oportunidad de profundizar en sus conocimientos, dar un paso atr\u00e1s, analizar los cambios del sector y alimentar su pensamiento estrat\u00e9gico.<\/span><\/p>\r\n<p><span style=\"font-weight: 400;\">En <\/span><b>Premios a la innovaci\u00f3n en \u00c1msterdam<\/b><span style=\"font-weight: 400;\"> presentar\u00e1 las soluciones m\u00e1s prometedoras del mercado.<\/span><\/p>\r\n<p><span style=\"font-weight: 400;\">Participar en Interclean significa beneficiarse de una concentraci\u00f3n de experiencia internacional en un solo lugar, con la vista puesta en el futuro. <\/span><\/p>\r\n<p><span style=\"font-weight: 400;\">\u00bfC\u00f3mo no ver en ello una palanca para acelerar su desarrollo?<\/span><\/p>\r\n<h3><strong>\u00bfPor qu\u00e9 visitar Interclean si dirige o est\u00e1 desarrollando un negocio de limpieza?<\/strong><\/h3>\r\n<p><span style=\"font-weight: 400;\">La pregunta que hay que hacerse es la siguiente: <\/span><b>En un entorno competitivo y en constante cambio, \u00bfes realmente posible perderse una reuni\u00f3n de este tipo? <\/b><span style=\"font-weight: 400;\">No se les habr\u00e1 escapado que Interclean representa una oportunidad estrat\u00e9gica que no deben desaprovechar los directores y gerentes de empresas de limpieza.<\/span><\/p>\r\n<p><span style=\"font-weight: 400;\">Visitar el espect\u00e1culo significa en primer lugar <\/span><b>acceso a un completo servicio de vigilancia<\/b><span style=\"font-weight: 400;\"> sobre las \u00faltimas ofertas, equipos y soluciones disponibles a escala internacional. Tambi\u00e9n es una oportunidad para comparar, cuestionar y anticipar la evoluci\u00f3n del mercado. Interclean \u00c1msterdam es un aut\u00e9ntico laboratorio de ideas. Est\u00e1 repleta de innovaciones que pueden mejorar considerablemente el d\u00eda a d\u00eda de las empresas de limpieza y de sus equipos.\u00a0<\/span><\/p>\r\n<p><span style=\"font-weight: 400;\">Interclean <\/span><b>tambi\u00e9n fomenta el desarrollo empresarial y la creaci\u00f3n de redes profesionales.<\/b><span style=\"font-weight: 400;\"> Los encuentros con otros visitantes, expositores y socios potenciales ayudan a forjar relaciones duraderas, identificar nuevas oportunidades y comprender mejor las expectativas de los clientes.\u00a0<\/span><\/p>\r\n<p><span style=\"font-weight: 400;\">Por \u00faltimo, el espect\u00e1culo ofrece <\/span><b>tiempo de respiro estrat\u00e9gico<\/b><span style=\"font-weight: 400;\">. Dando un paso atr\u00e1s en su negocio, bas\u00e1ndose en las pr\u00e1cticas observadas y hablando con expertos, resulta m\u00e1s f\u00e1cil estructurar una visi\u00f3n clara y a largo plazo para su empresa.<\/span><\/p>\r\n<p><span style=\"font-weight: 400;\">Una sola visita para obtener m\u00faltiples y sustanciosos beneficios. <\/span><\/p>\r\n<h3><strong>Progiclean, una marca de Groupe Senef, en Interclean: apoyo al rendimiento de las empresas de limpieza<\/strong><\/h3>\r\n<p><span style=\"font-weight: 400;\">En la pr\u00f3xima Interclean Amsterdam, <\/span><b><a href=\"https:\/\/www.progiclean.com\/\">Progiclean<\/a> estar\u00e1 presente en el stand 05.519<\/b><span style=\"font-weight: 400;\">. El objetivo no es hacer demasiadas promesas, sino dar respuestas concretas a los problemas observados sobre el terreno y durante las ediciones anteriores.<\/span><\/p>\r\n<p><span style=\"font-weight: 400;\">Desarrollado por Groupe Senef, Progiclean es un <\/span><b>una soluci\u00f3n dise\u00f1ada para estructurar, gestionar y desarrollar un negocio de limpieza y multiservicios<\/b><span style=\"font-weight: 400;\">. Este software web 100 % centraliza todos los procesos clave: gesti\u00f3n de ventas, programaci\u00f3n, seguimiento del servicio, facturaci\u00f3n, recursos humanos y relaciones con los clientes.<\/span><\/p>\r\n<p><span style=\"font-weight: 400;\">Nuestro planteamiento coincide plenamente con el impulso generado por Interclean. La organizaci\u00f3n, el rendimiento, la fiabilidad del servicio y la optimizaci\u00f3n de las condiciones de trabajo son temas que ocupan el centro de las preocupaciones de los visitantes del sal\u00f3n.<\/span><\/p>\r\n<p><span style=\"font-weight: 400;\">Progiclean responde a estos retos ofreciendo un <\/span><b>sistema de estructuraci\u00f3n<\/b><span style=\"font-weight: 400;\">, Es una empresa l\u00edder en el sector de la limpieza, capaz de apoyar el crecimiento y la transformaci\u00f3n de las empresas de limpieza. Su <\/span><b>La integraci\u00f3n nativa con Silae simplifica la gesti\u00f3n de las n\u00f3minas, <\/b><span style=\"font-weight: 400;\">un punto estrat\u00e9gico en un sector muy dependiente de los recursos humanos.<\/span><\/p>\r\n<p><span style=\"font-weight: 400;\">Porque, innovaciones tecnol\u00f3gicas aparte, una cosa est\u00e1 clara: una herramienta no basta sin un conocimiento profundo de los retos a los que se enfrenta la empresa. \u00c9stos son <\/span><b>experiencia, un conocimiento detallado de las pr\u00e1cticas sobre el terreno y un apoyo a largo plazo.<\/b><span style=\"font-weight: 400;\"> que hacen de una soluci\u00f3n un verdadero motor de rendimiento.<\/span><\/p>\r\n<p><strong>Vis\u00edtenos en el stand 05.519 de Interclean Amsterdam, del 14 al 17 de abril, y descubra c\u00f3mo Progiclean trabaja para satisfacer las necesidades cambiantes del sector de la limpieza.<\/strong><\/p>\r\n<p><strong>Para ponerse en contacto con nosotros, haga clic aqu\u00ed:<\/strong> <a href=\"mailto:Marketing@groupesenef.com\">Marketing@groupesenef.com<\/a><\/p>\r\n<p><a href=\"https:\/\/www.linkedin.com\/company\/groupe-senef\/posts\/?feedView=all\">S\u00edguenos en LinkedIn\u00a0<\/a><\/p>\r\n<p><\/p>","protected":false},"excerpt":{"rendered":"<p>Interclean Amsterdam est\u00e1 reconocida actualmente como la mayor y m\u00e1s influyente feria dedicada a la limpieza, la higiene y los servicios de limpieza profesional a escala internacional.<\/p>","protected":false},"author":2,"featured_media":13954,"comment_status":"closed","ping_status":"open","sticky":false,"template":"","format":"gallery","meta":{"_acf_changed":false,"footnotes":""},"categories":[55],"tags":[70,71,69],"class_list":["post-12752","post","type-post","status-publish","format-gallery","has-post-thumbnail","hentry","category-evenement","tag-interclean","tag-progiclean","tag-salon","post_format-post-format-gallery"],"acf":[],"yoast_head":"<!-- This site is optimized with the Yoast SEO plugin v27.4 - https:\/\/yoast.com\/product\/yoast-seo-wordpress\/ -->\n<title>Interclean : le salon international du nettoyage professionnel<\/title>\n<meta name=\"description\" content=\"D\u00e9couvrez Interclean, le salon international de r\u00e9f\u00e9rence pour le nettoyage professionnel - Retrouvez Progiclean Stand 05.519\" \/>\n<meta name=\"robots\" content=\"index, follow, max-snippet:-1, max-image-preview:large, max-video-preview:-1\" \/>\n<link rel=\"canonical\" href=\"https:\/\/www.groupesenef.com\/es\/revolucione-la-gestion-de-la-programacion-de-su-empresa-2\/\" \/>\n<meta property=\"og:locale\" content=\"es_ES\" \/>\n<meta property=\"og:type\" content=\"article\" \/>\n<meta property=\"og:title\" content=\"Interclean : le salon international du nettoyage professionnel\" \/>\n<meta property=\"og:description\" content=\"D\u00e9couvrez Interclean, le salon international de r\u00e9f\u00e9rence pour le nettoyage professionnel - Retrouvez Progiclean Stand 05.519\" \/>\n<meta property=\"og:url\" content=\"https:\/\/www.groupesenef.com\/es\/revolucione-la-gestion-de-la-programacion-de-su-empresa-2\/\" \/>\n<meta property=\"og:site_name\" content=\"Groupe Senef\" \/>\n<meta property=\"article:publisher\" content=\"https:\/\/www.facebook.com\/groupesenef\/?locale=fr_FR\" \/>\n<meta property=\"article:published_time\" content=\"2026-03-06T11:05:23+00:00\" \/>\n<meta property=\"article:modified_time\" content=\"2026-04-29T13:48:52+00:00\" \/>\n<meta property=\"og:image\" content=\"https:\/\/www.groupesenef.com\/wp-content\/uploads\/2026\/03\/Visuelintercleanwordpres-e1774892762342.png\" \/>\n\t<meta property=\"og:image:width\" content=\"450\" \/>\n\t<meta property=\"og:image:height\" content=\"400\" \/>\n\t<meta property=\"og:image:type\" content=\"image\/png\" \/>\n<meta name=\"author\" content=\"Laure\" \/>\n<meta name=\"twitter:card\" content=\"summary_large_image\" \/>\n<meta name=\"twitter:label1\" content=\"Escrito por\" \/>\n\t<meta name=\"twitter:data1\" content=\"Laure\" \/>\n\t<meta name=\"twitter:label2\" content=\"Tiempo de lectura\" \/>\n\t<meta name=\"twitter:data2\" content=\"7 minutos\" \/>\n<script type=\"application\/ld+json\" class=\"yoast-schema-graph\">{\"@context\":\"https:\\\/\\\/schema.org\",\"@graph\":[{\"@type\":\"Article\",\"@id\":\"https:\\\/\\\/www.groupesenef.com\\\/revolutionnez-la-gestion-des-plannings-dans-vos-entreprises-2\\\/#article\",\"isPartOf\":{\"@id\":\"https:\\\/\\\/www.groupesenef.com\\\/revolutionnez-la-gestion-des-plannings-dans-vos-entreprises-2\\\/\"},\"author\":{\"name\":\"Laure\",\"@id\":\"https:\\\/\\\/www.groupesenef.com\\\/#\\\/schema\\\/person\\\/166dc65bc4310db101d3456bde59b135\"},\"headline\":\"Interclean : le salon international de r\u00e9f\u00e9rence pour le nettoyage et la propret\u00e9 professionnelle\",\"datePublished\":\"2026-03-06T11:05:23+00:00\",\"dateModified\":\"2026-04-29T13:48:52+00:00\",\"mainEntityOfPage\":{\"@id\":\"https:\\\/\\\/www.groupesenef.com\\\/revolutionnez-la-gestion-des-plannings-dans-vos-entreprises-2\\\/\"},\"wordCount\":1464,\"publisher\":{\"@id\":\"https:\\\/\\\/www.groupesenef.com\\\/#organization\"},\"image\":{\"@id\":\"https:\\\/\\\/www.groupesenef.com\\\/revolutionnez-la-gestion-des-plannings-dans-vos-entreprises-2\\\/#primaryimage\"},\"thumbnailUrl\":\"https:\\\/\\\/www.groupesenef.com\\\/wp-content\\\/uploads\\\/2026\\\/03\\\/Visuelintercleanwordpres-e1774892762342.png\",\"keywords\":[\"Interclean\",\"Progiclean\",\"Salon\"],\"articleSection\":[\"Evenement\"],\"inLanguage\":\"es\"},{\"@type\":\"WebPage\",\"@id\":\"https:\\\/\\\/www.groupesenef.com\\\/revolutionnez-la-gestion-des-plannings-dans-vos-entreprises-2\\\/\",\"url\":\"https:\\\/\\\/www.groupesenef.com\\\/revolutionnez-la-gestion-des-plannings-dans-vos-entreprises-2\\\/\",\"name\":\"Interclean : le salon international du nettoyage professionnel\",\"isPartOf\":{\"@id\":\"https:\\\/\\\/www.groupesenef.com\\\/#website\"},\"primaryImageOfPage\":{\"@id\":\"https:\\\/\\\/www.groupesenef.com\\\/revolutionnez-la-gestion-des-plannings-dans-vos-entreprises-2\\\/#primaryimage\"},\"image\":{\"@id\":\"https:\\\/\\\/www.groupesenef.com\\\/revolutionnez-la-gestion-des-plannings-dans-vos-entreprises-2\\\/#primaryimage\"},\"thumbnailUrl\":\"https:\\\/\\\/www.groupesenef.com\\\/wp-content\\\/uploads\\\/2026\\\/03\\\/Visuelintercleanwordpres-e1774892762342.png\",\"datePublished\":\"2026-03-06T11:05:23+00:00\",\"dateModified\":\"2026-04-29T13:48:52+00:00\",\"description\":\"D\u00e9couvrez Interclean, le salon international de r\u00e9f\u00e9rence pour le nettoyage professionnel - Retrouvez Progiclean Stand 05.519\",\"breadcrumb\":{\"@id\":\"https:\\\/\\\/www.groupesenef.com\\\/revolutionnez-la-gestion-des-plannings-dans-vos-entreprises-2\\\/#breadcrumb\"},\"inLanguage\":\"es\",\"potentialAction\":[{\"@type\":\"ReadAction\",\"target\":[\"https:\\\/\\\/www.groupesenef.com\\\/revolutionnez-la-gestion-des-plannings-dans-vos-entreprises-2\\\/\"]}]},{\"@type\":\"ImageObject\",\"inLanguage\":\"es\",\"@id\":\"https:\\\/\\\/www.groupesenef.com\\\/revolutionnez-la-gestion-des-plannings-dans-vos-entreprises-2\\\/#primaryimage\",\"url\":\"https:\\\/\\\/www.groupesenef.com\\\/wp-content\\\/uploads\\\/2026\\\/03\\\/Visuelintercleanwordpres-e1774892762342.png\",\"contentUrl\":\"https:\\\/\\\/www.groupesenef.com\\\/wp-content\\\/uploads\\\/2026\\\/03\\\/Visuelintercleanwordpres-e1774892762342.png\",\"width\":450,\"height\":400},{\"@type\":\"BreadcrumbList\",\"@id\":\"https:\\\/\\\/www.groupesenef.com\\\/revolutionnez-la-gestion-des-plannings-dans-vos-entreprises-2\\\/#breadcrumb\",\"itemListElement\":[{\"@type\":\"ListItem\",\"position\":1,\"name\":\"Accueil\",\"item\":\"https:\\\/\\\/www.groupesenef.com\\\/\"},{\"@type\":\"ListItem\",\"position\":2,\"name\":\"Interclean : le salon international de r\u00e9f\u00e9rence pour le nettoyage et la propret\u00e9 professionnelle\"}]},{\"@type\":\"WebSite\",\"@id\":\"https:\\\/\\\/www.groupesenef.com\\\/#website\",\"url\":\"https:\\\/\\\/www.groupesenef.com\\\/\",\"name\":\"Groupe Senef\",\"description\":\"\",\"publisher\":{\"@id\":\"https:\\\/\\\/www.groupesenef.com\\\/#organization\"},\"potentialAction\":[{\"@type\":\"SearchAction\",\"target\":{\"@type\":\"EntryPoint\",\"urlTemplate\":\"https:\\\/\\\/www.groupesenef.com\\\/?s={search_term_string}\"},\"query-input\":{\"@type\":\"PropertyValueSpecification\",\"valueRequired\":true,\"valueName\":\"search_term_string\"}}],\"inLanguage\":\"es\"},{\"@type\":\"Organization\",\"@id\":\"https:\\\/\\\/www.groupesenef.com\\\/#organization\",\"name\":\"Groupe Senef\",\"url\":\"https:\\\/\\\/www.groupesenef.com\\\/\",\"logo\":{\"@type\":\"ImageObject\",\"inLanguage\":\"es\",\"@id\":\"https:\\\/\\\/www.groupesenef.com\\\/#\\\/schema\\\/logo\\\/image\\\/\",\"url\":\"https:\\\/\\\/www.groupesenef.com\\\/wp-content\\\/uploads\\\/2026\\\/02\\\/Calque_1-13.svg\",\"contentUrl\":\"https:\\\/\\\/www.groupesenef.com\\\/wp-content\\\/uploads\\\/2026\\\/02\\\/Calque_1-13.svg\",\"width\":281,\"height\":49,\"caption\":\"Groupe Senef\"},\"image\":{\"@id\":\"https:\\\/\\\/www.groupesenef.com\\\/#\\\/schema\\\/logo\\\/image\\\/\"},\"sameAs\":[\"https:\\\/\\\/www.facebook.com\\\/groupesenef\\\/?locale=fr_FR\"]},{\"@type\":\"Person\",\"@id\":\"https:\\\/\\\/www.groupesenef.com\\\/#\\\/schema\\\/person\\\/166dc65bc4310db101d3456bde59b135\",\"name\":\"Laure\",\"image\":{\"@type\":\"ImageObject\",\"inLanguage\":\"es\",\"@id\":\"https:\\\/\\\/secure.gravatar.com\\\/avatar\\\/df754be39fe587a2626c31f6bd41a0d96ac5954171da9a56191581b796fd1f25?s=96&d=mm&r=g\",\"url\":\"https:\\\/\\\/secure.gravatar.com\\\/avatar\\\/df754be39fe587a2626c31f6bd41a0d96ac5954171da9a56191581b796fd1f25?s=96&d=mm&r=g\",\"contentUrl\":\"https:\\\/\\\/secure.gravatar.com\\\/avatar\\\/df754be39fe587a2626c31f6bd41a0d96ac5954171da9a56191581b796fd1f25?s=96&d=mm&r=g\",\"caption\":\"Laure\"},\"url\":\"https:\\\/\\\/www.groupesenef.com\\\/es\\\/author\\\/laure\\\/\"}]}<\/script>\n<!-- \/ Yoast SEO plugin. -->","yoast_head_json":{"title":"Interclean: la feria internacional de la limpieza profesional","description":"Descubre Interclean, la feria internacional de referencia para la limpieza profesional - Encuentra Progiclean Stand 05.519","robots":{"index":"index","follow":"follow","max-snippet":"max-snippet:-1","max-image-preview":"max-image-preview:large","max-video-preview":"max-video-preview:-1"},"canonical":"https:\/\/www.groupesenef.com\/es\/revolucione-la-gestion-de-la-programacion-de-su-empresa-2\/","og_locale":"es_ES","og_type":"article","og_title":"Interclean : le salon international du nettoyage professionnel","og_description":"D\u00e9couvrez Interclean, le salon international de r\u00e9f\u00e9rence pour le nettoyage professionnel - Retrouvez Progiclean Stand 05.519","og_url":"https:\/\/www.groupesenef.com\/es\/revolucione-la-gestion-de-la-programacion-de-su-empresa-2\/","og_site_name":"Groupe Senef","article_publisher":"https:\/\/www.facebook.com\/groupesenef\/?locale=fr_FR","article_published_time":"2026-03-06T11:05:23+00:00","article_modified_time":"2026-04-29T13:48:52+00:00","og_image":[{"width":450,"height":400,"url":"https:\/\/www.groupesenef.com\/wp-content\/uploads\/2026\/03\/Visuelintercleanwordpres-e1774892762342.png","type":"image\/png"}],"author":"Laure","twitter_card":"summary_large_image","twitter_misc":{"Escrito por":"Laure","Tiempo de lectura":"7 minutos"},"schema":{"@context":"https:\/\/schema.org","@graph":[{"@type":"Article","@id":"https:\/\/www.groupesenef.com\/revolutionnez-la-gestion-des-plannings-dans-vos-entreprises-2\/#article","isPartOf":{"@id":"https:\/\/www.groupesenef.com\/revolutionnez-la-gestion-des-plannings-dans-vos-entreprises-2\/"},"author":{"name":"Laure","@id":"https:\/\/www.groupesenef.com\/#\/schema\/person\/166dc65bc4310db101d3456bde59b135"},"headline":"Interclean : le salon international de r\u00e9f\u00e9rence pour le nettoyage et la propret\u00e9 professionnelle","datePublished":"2026-03-06T11:05:23+00:00","dateModified":"2026-04-29T13:48:52+00:00","mainEntityOfPage":{"@id":"https:\/\/www.groupesenef.com\/revolutionnez-la-gestion-des-plannings-dans-vos-entreprises-2\/"},"wordCount":1464,"publisher":{"@id":"https:\/\/www.groupesenef.com\/#organization"},"image":{"@id":"https:\/\/www.groupesenef.com\/revolutionnez-la-gestion-des-plannings-dans-vos-entreprises-2\/#primaryimage"},"thumbnailUrl":"https:\/\/www.groupesenef.com\/wp-content\/uploads\/2026\/03\/Visuelintercleanwordpres-e1774892762342.png","keywords":["Interclean","Progiclean","Salon"],"articleSection":["Evenement"],"inLanguage":"es"},{"@type":"WebPage","@id":"https:\/\/www.groupesenef.com\/revolutionnez-la-gestion-des-plannings-dans-vos-entreprises-2\/","url":"https:\/\/www.groupesenef.com\/revolutionnez-la-gestion-des-plannings-dans-vos-entreprises-2\/","name":"Interclean: la feria internacional de la limpieza profesional","isPartOf":{"@id":"https:\/\/www.groupesenef.com\/#website"},"primaryImageOfPage":{"@id":"https:\/\/www.groupesenef.com\/revolutionnez-la-gestion-des-plannings-dans-vos-entreprises-2\/#primaryimage"},"image":{"@id":"https:\/\/www.groupesenef.com\/revolutionnez-la-gestion-des-plannings-dans-vos-entreprises-2\/#primaryimage"},"thumbnailUrl":"https:\/\/www.groupesenef.com\/wp-content\/uploads\/2026\/03\/Visuelintercleanwordpres-e1774892762342.png","datePublished":"2026-03-06T11:05:23+00:00","dateModified":"2026-04-29T13:48:52+00:00","description":"Descubre Interclean, la feria internacional de referencia para la limpieza profesional - Encuentra Progiclean Stand 05.519","breadcrumb":{"@id":"https:\/\/www.groupesenef.com\/revolutionnez-la-gestion-des-plannings-dans-vos-entreprises-2\/#breadcrumb"},"inLanguage":"es","potentialAction":[{"@type":"ReadAction","target":["https:\/\/www.groupesenef.com\/revolutionnez-la-gestion-des-plannings-dans-vos-entreprises-2\/"]}]},{"@type":"ImageObject","inLanguage":"es","@id":"https:\/\/www.groupesenef.com\/revolutionnez-la-gestion-des-plannings-dans-vos-entreprises-2\/#primaryimage","url":"https:\/\/www.groupesenef.com\/wp-content\/uploads\/2026\/03\/Visuelintercleanwordpres-e1774892762342.png","contentUrl":"https:\/\/www.groupesenef.com\/wp-content\/uploads\/2026\/03\/Visuelintercleanwordpres-e1774892762342.png","width":450,"height":400},{"@type":"BreadcrumbList","@id":"https:\/\/www.groupesenef.com\/revolutionnez-la-gestion-des-plannings-dans-vos-entreprises-2\/#breadcrumb","itemListElement":[{"@type":"ListItem","position":1,"name":"Accueil","item":"https:\/\/www.groupesenef.com\/"},{"@type":"ListItem","position":2,"name":"Interclean : le salon international de r\u00e9f\u00e9rence pour le nettoyage et la propret\u00e9 professionnelle"}]},{"@type":"WebSite","@id":"https:\/\/www.groupesenef.com\/#website","url":"https:\/\/www.groupesenef.com\/","name":"Grupo Senef","description":"","publisher":{"@id":"https:\/\/www.groupesenef.com\/#organization"},"potentialAction":[{"@type":"SearchAction","target":{"@type":"EntryPoint","urlTemplate":"https:\/\/www.groupesenef.com\/?s={search_term_string}"},"query-input":{"@type":"PropertyValueSpecification","valueRequired":true,"valueName":"search_term_string"}}],"inLanguage":"es"},{"@type":"Organization","@id":"https:\/\/www.groupesenef.com\/#organization","name":"Grupo Senef","url":"https:\/\/www.groupesenef.com\/","logo":{"@type":"ImageObject","inLanguage":"es","@id":"https:\/\/www.groupesenef.com\/#\/schema\/logo\/image\/","url":"https:\/\/www.groupesenef.com\/wp-content\/uploads\/2026\/02\/Calque_1-13.svg","contentUrl":"https:\/\/www.groupesenef.com\/wp-content\/uploads\/2026\/02\/Calque_1-13.svg","width":281,"height":49,"caption":"Groupe Senef"},"image":{"@id":"https:\/\/www.groupesenef.com\/#\/schema\/logo\/image\/"},"sameAs":["https:\/\/www.facebook.com\/groupesenef\/?locale=fr_FR"]},{"@type":"Person","@id":"https:\/\/www.groupesenef.com\/#\/schema\/person\/166dc65bc4310db101d3456bde59b135","name":"Laure","image":{"@type":"ImageObject","inLanguage":"es","@id":"https:\/\/secure.gravatar.com\/avatar\/df754be39fe587a2626c31f6bd41a0d96ac5954171da9a56191581b796fd1f25?s=96&d=mm&r=g","url":"https:\/\/secure.gravatar.com\/avatar\/df754be39fe587a2626c31f6bd41a0d96ac5954171da9a56191581b796fd1f25?s=96&d=mm&r=g","contentUrl":"https:\/\/secure.gravatar.com\/avatar\/df754be39fe587a2626c31f6bd41a0d96ac5954171da9a56191581b796fd1f25?s=96&d=mm&r=g","caption":"Laure"},"url":"https:\/\/www.groupesenef.com\/es\/author\/laure\/"}]}},"_links":{"self":[{"href":"https:\/\/www.groupesenef.com\/es\/wp-json\/wp\/v2\/posts\/12752","targetHints":{"allow":["GET"]}}],"collection":[{"href":"https:\/\/www.groupesenef.com\/es\/wp-json\/wp\/v2\/posts"}],"about":[{"href":"https:\/\/www.groupesenef.com\/es\/wp-json\/wp\/v2\/types\/post"}],"author":[{"embeddable":true,"href":"https:\/\/www.groupesenef.com\/es\/wp-json\/wp\/v2\/users\/2"}],"replies":[{"embeddable":true,"href":"https:\/\/www.groupesenef.com\/es\/wp-json\/wp\/v2\/comments?post=12752"}],"version-history":[{"count":5,"href":"https:\/\/www.groupesenef.com\/es\/wp-json\/wp\/v2\/posts\/12752\/revisions"}],"predecessor-version":[{"id":13955,"href":"https:\/\/www.groupesenef.com\/es\/wp-json\/wp\/v2\/posts\/12752\/revisions\/13955"}],"wp:featuredmedia":[{"embeddable":true,"href":"https:\/\/www.groupesenef.com\/es\/wp-json\/wp\/v2\/media\/13954"}],"wp:attachment":[{"href":"https:\/\/www.groupesenef.com\/es\/wp-json\/wp\/v2\/media?parent=12752"}],"wp:term":[{"taxonomy":"category","embeddable":true,"href":"https:\/\/www.groupesenef.com\/es\/wp-json\/wp\/v2\/categories?post=12752"},{"taxonomy":"post_tag","embeddable":true,"href":"https:\/\/www.groupesenef.com\/es\/wp-json\/wp\/v2\/tags?post=12752"}],"curies":[{"name":"wp","href":"https:\/\/api.w.org\/{rel}","templated":true}]}}