{"id":12600,"date":"2026-03-06T08:25:12","date_gmt":"2026-03-06T07:25:12","guid":{"rendered":"https:\/\/www.groupesenef.com\/?p=12600"},"modified":"2026-04-14T09:23:13","modified_gmt":"2026-04-14T07:23:13","slug":"revolucione-el-modo-en-que-su-empresa-gestiona-sus-horarios","status":"publish","type":"post","link":"https:\/\/www.groupesenef.com\/es\/revolutionnez-la-gestion-des-plannings-dans-vos-entreprises\/","title":{"rendered":"Centralizar las herramientas de gesti\u00f3n de su empresa: una palanca de rendimiento esencial"},"content":{"rendered":"<p><\/p>\r\n<h2 class=\"\" style=\"color: var(--awb-color5); --fontsize: 48; line-height: 1.1;\" data-fontsize=\"48\" data-lineheight=\"52.8px\">Introducci\u00f3n<\/h2>\r\n<p><span style=\"font-weight: 400;\">\u00bfCu\u00e1ntas herramientas diferentes utilizan sus equipos a diario para gestionar horarios, hacer un seguimiento de las intervenciones, procesar datos de RRHH o elaborar informes fiables?\u00a0<\/span><\/p>\r\n<p><span style=\"font-weight: 400;\">Para muchas empresas de servicios, la respuesta suele ser desconcertante: varios programas inform\u00e1ticos que no se comunican, informaci\u00f3n dispersa en archivos separados, empleados haciendo malabarismos entre espacios de trabajo divididos...<\/span><span style=\"font-weight: 400;\"><br \/><\/span><b>Centralizar las herramientas de gesti\u00f3n de su empresa<\/b><span style=\"font-weight: 400;\"> ya no es una opci\u00f3n: es un imperativo operativo y un motor de rendimiento concreto.<\/span><\/p>\r\n<p>&nbsp;<\/p>\r\n<p><img decoding=\"async\" class=\"lazyload alignnone wp-image-11138\" src=\"https:\/\/www.groupesenef.com\/wp-content\/uploads\/2026\/03\/Rectangle-9-1.png\" data-orig-src=\"https:\/\/www.groupesenef.com\/wp-content\/uploads\/2026\/03\/Rectangle-9-1.png\" alt=\"\" width=\"584\" height=\"388\" srcset=\"data:image\/svg+xml,%3Csvg%20xmlns%3D%27http%3A%2F%2Fwww.w3.org%2F2000%2Fsvg%27%20width%3D%27584%27%20height%3D%27388%27%20viewBox%3D%270%200%20584%20388%27%3E%3Crect%20width%3D%27584%27%20height%3D%27388%27%20fill-opacity%3D%220%22%2F%3E%3C%2Fsvg%3E\" data-srcset=\"https:\/\/www.groupesenef.com\/wp-content\/uploads\/2026\/03\/Rectangle-9-1-18x12.png 18w, https:\/\/www.groupesenef.com\/wp-content\/uploads\/2026\/03\/Rectangle-9-1-200x133.png 200w, https:\/\/www.groupesenef.com\/wp-content\/uploads\/2026\/03\/Rectangle-9-1-300x199.png 300w, https:\/\/www.groupesenef.com\/wp-content\/uploads\/2026\/03\/Rectangle-9-1-400x266.png 400w, https:\/\/www.groupesenef.com\/wp-content\/uploads\/2026\/03\/Rectangle-9-1-600x399.png 600w, https:\/\/www.groupesenef.com\/wp-content\/uploads\/2026\/03\/Rectangle-9-1.png 670w\" data-sizes=\"auto\" data-orig-sizes=\"(max-width: 584px) 100vw, 584px\" \/><\/p>\r\n<h2 style=\"font-size: 20px; line-height: 1.5; letter-spacing: normal; --fontsize: 20;\" data-fusion-font=\"true\" data-fontsize=\"20\" data-lineheight=\"30px\"><strong>Por qu\u00e9 la dispersi\u00f3n de herramientas frena el rendimiento empresarial<\/strong><\/h2>\r\n<h3><strong>M\u00e1s software, menos coherencia<\/strong><\/h3>\r\n<p><span style=\"font-weight: 400;\">En las organizaciones que trabajan sobre el terreno, la proliferaci\u00f3n de programas inform\u00e1ticos es una realidad que a menudo se subestima. Una herramienta para la planificaci\u00f3n, otra para la n\u00f3mina, una tercera para el seguimiento de las intervenciones, una cuarta para la facturaci\u00f3n... El resultado: un mont\u00f3n de <\/span><b>datos fragmentados<\/b><span style=\"font-weight: 400;\">, Nos enfrentamos al mismo problema: sistemas que no se comunican entre s\u00ed y empleados obligados a realizar tareas de reintroducci\u00f3n que llevan mucho tiempo. Cada doble entrada es una fuente potencial de error. Cada error es un coste oculto. Y cada hora dedicada a conciliar informaci\u00f3n contradictoria es una hora restada al valor real del trabajo.<\/span><\/p>\r\n<p><span style=\"font-weight: 400;\">Esta compartimentaci\u00f3n de <\/span><b>herramientas de gesti\u00f3n<\/b><span style=\"font-weight: 400;\"> no s\u00f3lo es perjudicial para la productividad individual: socava la coherencia global de la organizaci\u00f3n. Cuando los equipos trabajan con herramientas heterog\u00e9neas, la visibilidad operativa se deteriora y las decisiones se toman demasiado tarde, o sobre la base de datos incompletos. Los procesos se desincronizan, la comunicaci\u00f3n entre departamentos se hace m\u00e1s compleja y la capacidad de actuar con rapidez se ve mermada.<\/span><\/p>\r\n<h3><strong>Falta de visibilidad global de la empresa<\/strong><\/h3>\r\n<p><span style=\"font-weight: 400;\">Una organizaci\u00f3n tecnol\u00f3gicamente dispersa es tambi\u00e9n una organizaci\u00f3n estrat\u00e9gicamente ciega. Sin <\/span><b>sistema centralizado<\/b><span style=\"font-weight: 400;\">, Cuando se trata de elaborar informes, producir informes completos y fiables se est\u00e1 convirtiendo en un ejercicio laborioso, que a menudo se realiza demasiado tarde para ser realmente \u00fatil. Para un director de empresa que gestiona decenas de empleados en varios centros, la ausencia de un sistema de informes completo y fiable puede suponer un verdadero problema. <\/span><b>visi\u00f3n consolidada<\/b><span style=\"font-weight: 400;\"> en tiempo real es una gran desventaja operativa. Resulta imposible identificar r\u00e1pidamente una desviaci\u00f3n, anticipar una aver\u00eda o medir el impacto real de una decisi\u00f3n tomada la semana anterior. La direcci\u00f3n se hace a ciegas, sobre la base de la informaci\u00f3n procedente del terreno, que siempre es demasiado parcial para ser fiable.<\/span><\/p>\r\n<h3><strong>Riesgos operativos y jur\u00eddicos<\/strong><\/h3>\r\n<p><span style=\"font-weight: 400;\">La dispersi\u00f3n de la informaci\u00f3n no es s\u00f3lo una cuesti\u00f3n de eficacia: tambi\u00e9n genera graves riesgos operativos y jur\u00eddicos. Los errores administrativos se multiplican cuando los datos circulan manualmente entre sistemas inconexos. El cumplimiento de la normativa es dif\u00edcil de garantizar sin una trazabilidad centralizada. Y la <\/span><b>confidencialidad de los datos<\/b><span style=\"font-weight: 400;\">, La seguridad de la informaci\u00f3n, ya sea informaci\u00f3n de clientes o datos personales de empleados, s\u00f3lo puede garantizarse eficazmente si todo el sistema de informaci\u00f3n se controla desde un \u00fanico punto de control. Un acceso disperso implica un riesgo de fuga o incumplimiento dif\u00edcil de controlar.<\/span><\/p>\r\n<h3><strong>Centralizar sus herramientas: definici\u00f3n y principios clave<\/strong><\/h3>\r\n<h4><strong>\u00bfQu\u00e9 es la centralizaci\u00f3n de las herramientas de gesti\u00f3n?<\/strong><\/h4>\r\n<p><b>Centralizar las herramientas de gesti\u00f3n<\/b><span style=\"font-weight: 400;\">, La inform\u00e1tica consiste en reunir datos, procesos y equipos en un sistema \u00fanico y coherente. En la pr\u00e1ctica, esto significa que se puede acceder a toda la informaci\u00f3n vinculada a la actividad de la empresa desde una plataforma \u00fanica, compartida por todos los empleados afectados, con los derechos de acceso adecuados a cada perfil. Esta l\u00f3gica suele plasmarse en un <\/span><b>ERP<\/b><span style=\"font-weight: 400;\"> (Planificaci\u00f3n de recursos empresariales) o en un <\/span><b>software empresarial<\/b><span style=\"font-weight: 400;\"> especializada, dise\u00f1ada para las necesidades espec\u00edficas de un sector industrial.<\/span><\/p>\r\n<p><span style=\"font-weight: 400;\">El objetivo es garantizar que la informaci\u00f3n fluya libremente, que las herramientas hablen el mismo idioma y que el terreno y la sede central compartan una visi\u00f3n com\u00fan. S\u00f3lo entonces la coordinaci\u00f3n dejar\u00e1 de ser una limitaci\u00f3n para convertirse en un verdadero motor del rendimiento operativo.<\/span><\/p>\r\n<h4><strong>\u00bfQu\u00e9 procesos pueden centralizarse?<\/strong><\/h4>\r\n<p><span style=\"font-weight: 400;\">En una empresa de servicios hay muchos procesos centralizables e interdependientes:\u00a0<\/span><\/p>\r\n<ul>\r\n<li style=\"font-weight: 400;\" aria-level=\"1\"><span style=\"font-weight: 400;\">La <\/span><b>Gesti\u00f3n de RRHH<\/b><span style=\"font-weight: 400;\"> (contratos, autorizaciones, ausencias, formaci\u00f3n) pueden integrarse con los datos de planificaci\u00f3n para evitar conflictos de asignaci\u00f3n.<\/span><\/li>\r\n<li style=\"font-weight: 400;\" aria-level=\"1\"><span style=\"font-weight: 400;\">Le <\/span><b>horario<\/b><span style=\"font-weight: 400;\"> de las operaciones, actualizado en tiempo real, sea accesible tanto a los agentes como a los responsables de operaciones.<\/span><\/li>\r\n<li style=\"font-weight: 400;\" aria-level=\"1\"><span style=\"font-weight: 400;\">La <\/span><b>facturaci\u00f3n<\/b><span style=\"font-weight: 400;\"> se genera autom\u00e1ticamente a partir de los datos operativos, sin necesidad de volver a teclearlos.<\/span><\/li>\r\n<li style=\"font-weight: 400;\" aria-level=\"1\"><span style=\"font-weight: 400;\">Le <\/span><b>atenci\u00f3n al cliente<\/b><span style=\"font-weight: 400;\">, Esto significa que podemos mantener un nivel de servicio constante.<\/span><\/li>\r\n<li style=\"font-weight: 400;\" aria-level=\"1\"><span style=\"font-weight: 400;\">La <\/span><b>gesti\u00f3n de documentos<\/b><span style=\"font-weight: 400;\"> es seguro y rastreable.\u00a0<\/span><\/li>\r\n<\/ul>\r\n<p><span style=\"font-weight: 400;\">Y el <\/span><b>informaci\u00f3n<\/b><span style=\"font-weight: 400;\">, Por \u00faltimo, refleja el estado real de la empresa, sin demoras ni aproximaciones.<\/span><\/p>\r\n<h4><strong>Centralizaci\u00f3n frente a apilamiento de herramientas<\/strong><\/h4>\r\n<p><span style=\"font-weight: 400;\">Es importante distinguir entre la verdadera centralizaci\u00f3n y lo que no es m\u00e1s que una ilusi\u00f3n de la misma: el apilamiento de aplicaciones. <\/span><span style=\"font-weight: 400;\"><br \/><\/span><span style=\"font-weight: 400;\">Adoptar una nueva herramienta para cada problema detectado aumenta la complejidad al tiempo que da la impresi\u00f3n de modernizar la organizaci\u00f3n. La l\u00f3gica de <\/span><b>sistema<\/b><span style=\"font-weight: 400;\"> es fundamentalmente diferente de la l\u00f3gica de la herramienta: mientras que la herramienta satisface una necesidad espec\u00edfica, el sistema estructura toda la actividad de forma coherente y sostenible.\u00a0<\/span><\/p>\r\n<p><span style=\"font-weight: 400;\">La tecnolog\u00eda no crea rendimiento: lo hace posible alineando, conectando y dirigiendo equipos, datos y operaciones de forma coherente. Es esta distinci\u00f3n la que determina si la transformaci\u00f3n digital crea realmente valor o simplemente desplaza la complejidad.<\/span><\/p>\r\n<h3><strong>Ventajas concretas de la centralizaci\u00f3n para la empresa<\/strong><\/h3>\r\n<h4><strong>Ahorro de tiempo y productividad<\/strong><\/h4>\r\n<p data-fusion-font=\"true\" data-fontsize=\"32\" data-lineheight=\"35.2px\"><span style=\"font-weight: 400;\">El primer beneficio visible de un <\/span><b>sistema de gesti\u00f3n centralizada<\/b><span style=\"font-weight: 400;\"> es ahorrar tiempo operativo. Menos reintroducciones, menos errores, mayor control en el d\u00eda a d\u00eda: la automatizaci\u00f3n de tareas repetitivas libera a los equipos para tareas de mayor valor a\u00f1adido. Visite <\/span><b>productividad<\/b><span style=\"font-weight: 400;\"> progresar no porque trabajemos m\u00e1s, sino porque trabajamos mejor, con las herramientas adecuadas, en el momento adecuado y desde el lugar adecuado. Simplificar los procesos administrativos significa una jornada laboral m\u00e1s fluida, menos frustraci\u00f3n y m\u00e1s energ\u00eda centrada en lo importante.<\/span><\/p>\r\n<h4><strong>Mejor colaboraci\u00f3n entre equipos<\/strong><\/h4>\r\n<p><span style=\"font-weight: 400;\">La centralizaci\u00f3n tambi\u00e9n transforma la forma en que los equipos trabajan juntos. Cuando toda la informaci\u00f3n est\u00e1 accesible en un \u00fanico <\/span><b>espacio de trabajo unificado<\/b><span style=\"font-weight: 400;\">, desaparecen los silos. Un director de operaciones puede ver el estado de las misiones en curso en tiempo real. Un responsable de RRHH tiene acceso a los mismos datos que el departamento de operaciones. Equipos mejor coordinados e informaci\u00f3n que fluye con m\u00e1s fluidez: \u00e9sta es la condici\u00f3n para una <\/span><b>colaboraci\u00f3n<\/b><span style=\"font-weight: 400;\"> realmente eficaz. Para las estructuras con varias sedes, se trata de una ventaja estructural, ya que permite gestionar toda la actividad desde un punto central sin perder de vista lo que ocurre sobre el terreno.<\/span><\/p>\r\n<h4><strong>Direcci\u00f3n estrat\u00e9gica basada en datos fiables<\/strong><\/h4>\r\n<p><span style=\"font-weight: 400;\">A <\/span><b>informes en tiempo real<\/b><span style=\"font-weight: 400;\">, Con indicadores consolidados y fiables, la calidad de las decisiones estrat\u00e9gicas cambia profundamente. En lugar de trabajar con datos agregados a final de mes, a menudo incompletos o ya desfasados, los directivos disponen en todo momento de una visi\u00f3n actualizada de su actividad. Con datos fiables y centralizados que pueden explotarse en tiempo real, pueden detectar un d\u00e9ficit de rendimiento, ajustar un recurso o elegir entre dos prioridades con la certeza de que la informaci\u00f3n refleja fielmente la realidad sobre el terreno. Las decisiones son m\u00e1s r\u00e1pidas y pertinentes.<\/span><\/p>\r\n<h3><strong>Mejorar la satisfacci\u00f3n del cliente<\/strong><\/h3>\r\n<p><span style=\"font-weight: 400;\">La calidad del servicio al cliente est\u00e1 directamente relacionada con la fiabilidad de la informaci\u00f3n interna. Cuando los datos est\u00e1n centralizados, los errores de facturaci\u00f3n son raros, los imprevistos se tratan m\u00e1s r\u00e1pidamente y la informaci\u00f3n transmitida al cliente es coherente, sea cual sea la persona de contacto. Esta <\/span><b>mayor capacidad de respuesta<\/b><span style=\"font-weight: 400;\"> y esta coherencia en las relaciones con los clientes generan una confianza duradera, que en t\u00e9rminos concretos se traduce en un mejor servicio al cliente. <\/span><b>satisfacci\u00f3n<\/b><span style=\"font-weight: 400;\"> y una mayor fidelidad. Un cliente bien atendido es tambi\u00e9n un cliente que se queda.<\/span><\/p>\r\n<h3><strong>Centralizar para mejorar la calidad de las decisiones estrat\u00e9gicas<\/strong><\/h3>\r\n<h4><strong>Los datos como base de la gesti\u00f3n global<\/strong><\/h4>\r\n<p><span style=\"font-weight: 400;\">M\u00e1s all\u00e1 de las ventajas operativas inmediatas, la centralizaci\u00f3n crea las condiciones para una gesti\u00f3n verdaderamente estrat\u00e9gica. Disponer de una <\/span><b>base de datos \u00fanica<\/b><span style=\"font-weight: 400;\"> Este enfoque consolidado permite adoptar una visi\u00f3n multisitio, multiequipo y multiactividad. El Grupo Senef despliega su modelo de ERP empresarial en entornos muy diferentes, pero se enfrenta a los mismos retos fundamentales: la coordinaci\u00f3n humana, la visibilidad operativa y el rendimiento sobre el terreno. Un grupo que opera en varios sitios puede finalmente comparar el rendimiento entre ellos, identificar las pr\u00e1cticas m\u00e1s eficaces y generalizar los enfoques que funcionan. Este nivel de an\u00e1lisis s\u00f3lo es accesible si los datos son homog\u00e9neos, est\u00e1n estructurados de la misma manera y est\u00e1n disponibles en el mismo sistema.<\/span><\/p>\r\n<h4><strong>Reducir la incertidumbre en la toma de decisiones<\/strong><\/h4>\r\n<p><span style=\"font-weight: 400;\">Tomar decisiones en un entorno incierto es uno de los retos m\u00e1s constantes para los directivos de las empresas de servicios. El sitio <\/span><b>centralizaci\u00f3n de datos<\/b><span style=\"font-weight: 400;\"> no elimina la incertidumbre, pero la reduce considerablemente. Al hacer posible\u2019<\/span><b>identificar<\/b><span style=\"font-weight: 400;\"> La capacidad de detectar r\u00e1pidamente las discrepancias entre los objetivos fijados y los resultados obtenidos ofrece una capacidad de anticipaci\u00f3n de la que carecen las organizaciones fragmentadas. Un problema detectado a tiempo cuesta infinitamente menos de corregir que un problema descubierto una vez que ha tenido todo su efecto. Y en un sector tan exigente, anticiparse a los riesgos operativos no es un lujo: es una necesidad.<\/span><\/p>\r\n<h4><strong>Transformar la organizaci\u00f3n en un sistema basado en datos<\/strong><\/h4>\r\n<p><span style=\"font-weight: 400;\">La verdadera promesa de la centralizaci\u00f3n es pasar de una gesti\u00f3n reactiva a una proactiva. Al explotar los datos hist\u00f3ricos de actividad, medir el impacto real de las decisiones tomadas y cruzar datos que antes estaban aislados, la organizaci\u00f3n se transforma gradualmente en una \"ventanilla \u00fanica\". <\/span><b>sistema basado en datos<\/b><span style=\"font-weight: 400;\">.<\/span><\/p>\r\n<p><span style=\"font-weight: 400;\">Las decisiones ya no se basan en intuiciones o aproximaciones, sino en hechos verificables, actualizados y utilizables. Una visi\u00f3n unificada de la empresa, desde el terreno hasta la sede central, significa que los responsables de la toma de decisiones pueden basarse en informaci\u00f3n fiable para construir una estrategia coherente. Se trata de una transformaci\u00f3n de gran alcance que reforzar\u00e1 de forma sostenible la competitividad y la capacidad de adaptaci\u00f3n de una empresa.<\/span><\/p>\r\n<h3><strong>C\u00f3mo centralizar con \u00e9xito sus herramientas de gesti\u00f3n<\/strong><\/h3>\r\n<h4><strong>Identificar las necesidades espec\u00edficas de la empresa<\/strong><\/h4>\r\n<p><span style=\"font-weight: 400;\">Antes de elegir un <\/span><b>soluci\u00f3n de gesti\u00f3n<\/b><span style=\"font-weight: 400;\">, Para ello, es esencial identificar las necesidades reales de la organizaci\u00f3n.\u00a0<\/span><\/p>\r\n<p><span style=\"font-weight: 400;\">El tama\u00f1o de la empresa, su organizaci\u00f3n, sus obligaciones jur\u00eddicas y sus objetivos de rendimiento a corto y medio plazo son par\u00e1metros que deben guiar la elecci\u00f3n. Una organizaci\u00f3n con 50 empleados no tiene las mismas necesidades que un grupo con 500 empleados repartidos por varias regiones.\u00a0<\/span><\/p>\r\n<p><span style=\"font-weight: 400;\">El primer paso es comprender los usos, las limitaciones, las realidades sobre el terreno y las interacciones humanas que hacen que una organizaci\u00f3n funcione d\u00eda a d\u00eda. Una auditor\u00eda interna rigurosa, realizada con los equipos operativos y los responsables funcionales, suele ser el primer paso esencial para el \u00e9xito de un proyecto de centralizaci\u00f3n.<\/span><\/p>\r\n<h4><strong>Elegir la soluci\u00f3n adecuada (ERP o software empresarial)<\/strong><\/h4>\r\n<p><span style=\"font-weight: 400;\">La elecci\u00f3n entre un <\/span><b>ERP<\/b><span style=\"font-weight: 400;\"> generalista y un <\/span><b>software empresarial<\/b><span style=\"font-weight: 400;\"> es una decisi\u00f3n clave.<\/span><\/p>\r\n<p><span style=\"font-weight: 400;\">Un sistema ERP de uso general puede abarcar un gran n\u00famero de procesos, pero no necesariamente comprende las particularidades de un sector empresarial concreto.\u00a0<\/span><\/p>\r\n<p><span style=\"font-weight: 400;\">El software empresarial dise\u00f1ado para un contexto espec\u00edfico integra de forma nativa las funcionalidades y limitaciones propias del sector, lo que se traduce en una adopci\u00f3n m\u00e1s r\u00e1pida y una mayor adecuaci\u00f3n al uso real. Los criterios clave que deben evaluarse son <\/span><b>capacidad de integraci\u00f3n<\/b><span style=\"font-weight: 400;\"> con las herramientas existentes, la facilidad de uso en el d\u00eda a d\u00eda, la seguridad de los datos y la calidad de la informaci\u00f3n. <\/span><b>soporte<\/b><span style=\"font-weight: 400;\"> y el apoyo ofrecido por el editor. Una arquitectura modular, capaz de adaptarse a las realidades de cada organizaci\u00f3n, es garant\u00eda de durabilidad y pertinencia a largo plazo.<\/span><\/p>\r\n<h4><strong>Apoyo a los equipos durante la transici\u00f3n<\/strong><\/h4>\r\n<p><span style=\"font-weight: 400;\">Todo proyecto de centralizaci\u00f3n es ante todo un proyecto humano. La tecnolog\u00eda puede ser perfecta: si los usuarios no se familiarizan con ella, no tiene ning\u00fan efecto. El sitio <\/span><b>formaci\u00f3n<\/b><span style=\"font-weight: 400;\"> empleados, el <\/span><b>comunicaci\u00f3n<\/b><span style=\"font-weight: 400;\"> Una comprensi\u00f3n clara de los objetivos del cambio y una adopci\u00f3n progresiva (empezando por los equipos m\u00e1s receptivos) son condiciones esenciales para el \u00e9xito. Un acompa\u00f1amiento humano y estructurado, que abarque el despliegue, la formaci\u00f3n, el soporte, la parametrizaci\u00f3n y la satisfacci\u00f3n del cliente, en el que cada proyecto sea supervisado y acompa\u00f1ado paso a paso, marca la diferencia entre una herramienta instalada y otra realmente eficaz.<\/span><\/p>\r\n<h3><strong>Groupe Senef: una base inform\u00e1tica para centralizar y gestionar el rendimiento<\/strong><\/h3>\r\n<h4><strong>Soluciones empresariales dise\u00f1adas para estructurar las organizaciones<\/strong><\/h4>\r\n<p><span style=\"font-weight: 400;\">Groupe Senef dise\u00f1a 100 soluciones ERP empresariales web y m\u00f3viles % para sectores en los que la coordinaci\u00f3n humana est\u00e1 en el centro del rendimiento. Sus soluciones\u00a0 <\/span><a href=\"https:\/\/seenet-securite.fr\/\"><b>Seenet<\/b><\/a><span style=\"font-weight: 400;\"> para la seguridad privada, <\/span><a href=\"https:\/\/www.progiclean.com\/\"><span style=\"font-weight: 400;\">Progiclean <\/span><\/a><span style=\"font-weight: 400;\">para la limpieza, <\/span><a href=\"https:\/\/progisap.fr\/\"><span style=\"font-weight: 400;\">Progisap<\/span><\/a><span style=\"font-weight: 400;\"> para los servicios personales tienen por objeto <\/span><b>centralizar los procesos clave<\/b><span style=\"font-weight: 400;\"> empresas de servicios: planificaci\u00f3n, gesti\u00f3n de RRHH, facturaci\u00f3n, seguimiento de la actividad, informes. <\/span><\/p>\r\n<p><span style=\"font-weight: 400;\">Estas soluciones se dise\u00f1an desde la base, no a partir de modelos te\u00f3ricos, utilizando un enfoque basado en la escucha y la co-construcci\u00f3n. Cada funcionalidad est\u00e1 pensada para ser realmente \u00fatil a los equipos que la utilizan a diario.<\/span><\/p>\r\n<h4><strong>Una \u00fanica base de datos para una visi\u00f3n consolidada<\/strong><\/h4>\r\n<p><span style=\"font-weight: 400;\">El modelo del Grupo Senef se basa en una l\u00f3gica dise\u00f1ada para alinear equipos, datos y operaciones en un entorno \u00fanico y centralizado. Es un sistema todo en uno que ayuda a estructurar la empresa, racionalizar los intercambios y gestionar el rendimiento operativo de forma coherente y sostenible. <\/span><\/p>\r\n<p><span style=\"font-weight: 400;\">Toda la informaci\u00f3n se agrupa en un <\/span><b>sistema coherente<\/b><span style=\"font-weight: 400;\">, Esto significa que puede gestionar toda la empresa en tiempo real, desde el campo hasta la oficina central. Se acabaron los datos contradictorios entre departamentos y los informes manuales procedentes de fuentes dispares.<\/span><\/p>\r\n<h4><strong>Centralizaci\u00f3n, automatizaci\u00f3n y cumplimiento<\/strong><\/h4>\r\n<p><span style=\"font-weight: 400;\">Para una empresa, el reto es organizar las misiones cr\u00edticas, asegurar la trazabilidad y garantizar la continuidad operativa. <\/span><\/p>\r\n<p><span style=\"font-weight: 400;\">Las soluciones del Grupo Senef incluyen mecanismos para automatizar tareas recurrentes, garantizar la trazabilidad de las acciones en todos los niveles de la organizaci\u00f3n y facilitar el cumplimiento de la normativa en sectores muy regulados. Visite <\/span><b>confidencialidad de los datos<\/b><span style=\"font-weight: 400;\"> y la gesti\u00f3n de los derechos de acceso por perfil est\u00e1n integrados de forma nativa, para una seguridad sin concesiones y una gobernanza controlada de la informaci\u00f3n.<\/span><\/p>\r\n<h4><strong>Una palanca concreta para el rendimiento operativo<\/strong><\/h4>\r\n<p><span style=\"font-weight: 400;\">Elegir a Groupe Senef significa confiar en un socio que comprende sus retos operativos y se compromete a largo plazo. La centralizaci\u00f3n no solo simplifica la organizaci\u00f3n interna, sino que tambi\u00e9n mejora de forma duradera la calidad del servicio.\u2019<\/span><b>eficacia<\/b><span style=\"font-weight: 400;\">, Nuestras soluciones est\u00e1n dise\u00f1adas para durar, evolucionar y apoyar el crecimiento de las organizaciones. Nuestras soluciones est\u00e1n dise\u00f1adas para durar, evolucionar y apoyar el crecimiento de las organizaciones, con un apoyo estructurado en cada fase del proyecto, desde la implantaci\u00f3n hasta la optimizaci\u00f3n continua.<\/span><\/p>\r\n<h3 class=\"\" style=\"color: var(--awb-color5); font-size: 32px; line-height: 1.1; --fontsize: 32;\" data-fusion-font=\"true\" data-fontsize=\"32\" data-lineheight=\"35.2px\">Conclusi\u00f3n <strong>centralizar para estructurar los resultados a largo plazo<\/strong><\/h3>\r\n<p><b>Centralizar las herramientas de gesti\u00f3n de su empresa<\/b><span style=\"font-weight: 400;\">, El objetivo es acabar con la fragmentaci\u00f3n, restablecer la coherencia y explotar plenamente el potencial de los datos que la organizaci\u00f3n ya posee. Significa permitir que sus equipos trabajen en un entorno fluido, en el que la informaci\u00f3n est\u00e9 disponible en el momento adecuado, en el lugar adecuado y a trav\u00e9s de las personas adecuadas. Como gestor, significa dotarse de los medios para tomar decisiones m\u00e1s informadas, m\u00e1s r\u00e1pidamente, con una visi\u00f3n global y fiable de la empresa.<\/span><\/p>\r\n<p><span style=\"font-weight: 400;\">Menos fragmentaci\u00f3n, m\u00e1s coherencia, mejor uso de los datos, decisiones m\u00e1s informadas: las organizaciones que dan este paso est\u00e1n construyendo una organizaci\u00f3n m\u00e1s coherente, m\u00e1s eficiente y m\u00e1s eficaz. <\/span><b>ventaja competitiva sostenible<\/b><span style=\"font-weight: 400;\">, basadas en una eficacia operativa que sus competidores menos estructurados no pueden igualar. Diferentes contextos, misma exigencia: conectar personas, datos y acciones para crear rendimiento. <\/span><\/p>\r\n<p><b>Centralizar sus herramientas de gesti\u00f3n no es simplemente una evoluci\u00f3n tecnol\u00f3gica. Es una elecci\u00f3n estrat\u00e9gica para construir una organizaci\u00f3n m\u00e1s eficiente, fiable y eficaz.<\/b><\/p>\r\n<p><strong>Para ponerse en contacto con nosotros, haga clic aqu\u00ed:<\/strong> <a href=\"mailto:Marketing@groupesenef.com\">Marketing@groupesenef.com<\/a><\/p>\r\n<p><a href=\"https:\/\/www.linkedin.com\/company\/groupe-senef\/posts\/?feedView=all\">S\u00edguenos en LinkedIn\u00a0<\/a><\/p>\r\n<p><\/p>","protected":false},"excerpt":{"rendered":"<p>Centralizar sus herramientas de gesti\u00f3n no es simplemente una evoluci\u00f3n tecnol\u00f3gica. Es una elecci\u00f3n estrat\u00e9gica para construir una organizaci\u00f3n m\u00e1s eficiente, fiable y eficaz.<\/p>","protected":false},"author":2,"featured_media":12603,"comment_status":"closed","ping_status":"open","sticky":false,"template":"","format":"gallery","meta":{"_acf_changed":false,"footnotes":""},"categories":[52],"tags":[61,59,60],"class_list":["post-12600","post","type-post","status-publish","format-gallery","has-post-thumbnail","hentry","category-transformation","tag-optimisation","tag-planning","tag-productivite","post_format-post-format-gallery"],"acf":[],"yoast_head":"<!-- This site is optimized with the Yoast SEO plugin v27.4 - https:\/\/yoast.com\/product\/yoast-seo-wordpress\/ -->\n<title>Centraliser ses outils de gestion : performance et efficacit\u00e9<\/title>\n<meta name=\"description\" content=\"Centraliser vos outils de gestion renforce l\u2019efficacit\u00e9, la visibilit\u00e9 et la performance globale de votre entreprise.\" \/>\n<meta name=\"robots\" content=\"index, follow, max-snippet:-1, max-image-preview:large, max-video-preview:-1\" \/>\n<link rel=\"canonical\" href=\"https:\/\/www.groupesenef.com\/es\/revolucione-el-modo-en-que-su-empresa-gestiona-sus-horarios\/\" \/>\n<meta property=\"og:locale\" content=\"es_ES\" \/>\n<meta property=\"og:type\" content=\"article\" \/>\n<meta property=\"og:title\" content=\"Centraliser ses outils de gestion : performance et efficacit\u00e9\" \/>\n<meta property=\"og:description\" content=\"Centraliser vos outils de gestion renforce l\u2019efficacit\u00e9, la visibilit\u00e9 et la performance globale de votre entreprise.\" \/>\n<meta property=\"og:url\" content=\"https:\/\/www.groupesenef.com\/es\/revolucione-el-modo-en-que-su-empresa-gestiona-sus-horarios\/\" \/>\n<meta property=\"og:site_name\" content=\"Groupe Senef\" \/>\n<meta property=\"article:publisher\" content=\"https:\/\/www.facebook.com\/groupesenef\/?locale=fr_FR\" \/>\n<meta property=\"article:published_time\" content=\"2026-03-06T07:25:12+00:00\" \/>\n<meta property=\"article:modified_time\" content=\"2026-04-14T07:23:13+00:00\" \/>\n<meta property=\"og:image\" content=\"https:\/\/www.groupesenef.com\/wp-content\/uploads\/2026\/03\/limportance-des-donnees-en-temps-reel-comment-senef-aident-les-entreprises-de-services-89238525-1-e1774892635857.jpg\" \/>\n\t<meta property=\"og:image:width\" content=\"800\" \/>\n\t<meta property=\"og:image:height\" content=\"580\" \/>\n\t<meta property=\"og:image:type\" content=\"image\/jpeg\" \/>\n<meta name=\"author\" content=\"Laure\" \/>\n<meta name=\"twitter:card\" content=\"summary_large_image\" \/>\n<meta name=\"twitter:label1\" content=\"Escrito por\" \/>\n\t<meta name=\"twitter:data1\" content=\"Laure\" \/>\n\t<meta name=\"twitter:label2\" content=\"Tiempo de lectura\" \/>\n\t<meta name=\"twitter:data2\" content=\"13 minutos\" \/>\n<script type=\"application\/ld+json\" class=\"yoast-schema-graph\">{\"@context\":\"https:\\\/\\\/schema.org\",\"@graph\":[{\"@type\":\"Article\",\"@id\":\"https:\\\/\\\/www.groupesenef.com\\\/revolutionnez-la-gestion-des-plannings-dans-vos-entreprises\\\/#article\",\"isPartOf\":{\"@id\":\"https:\\\/\\\/www.groupesenef.com\\\/revolutionnez-la-gestion-des-plannings-dans-vos-entreprises\\\/\"},\"author\":{\"name\":\"Laure\",\"@id\":\"https:\\\/\\\/www.groupesenef.com\\\/#\\\/schema\\\/person\\\/166dc65bc4310db101d3456bde59b135\"},\"headline\":\"Centraliser les outils de gestion de son entreprise : un levier de performance incontournable\",\"datePublished\":\"2026-03-06T07:25:12+00:00\",\"dateModified\":\"2026-04-14T07:23:13+00:00\",\"mainEntityOfPage\":{\"@id\":\"https:\\\/\\\/www.groupesenef.com\\\/revolutionnez-la-gestion-des-plannings-dans-vos-entreprises\\\/\"},\"wordCount\":2932,\"publisher\":{\"@id\":\"https:\\\/\\\/www.groupesenef.com\\\/#organization\"},\"image\":{\"@id\":\"https:\\\/\\\/www.groupesenef.com\\\/revolutionnez-la-gestion-des-plannings-dans-vos-entreprises\\\/#primaryimage\"},\"thumbnailUrl\":\"https:\\\/\\\/www.groupesenef.com\\\/wp-content\\\/uploads\\\/2026\\\/03\\\/limportance-des-donnees-en-temps-reel-comment-senef-aident-les-entreprises-de-services-89238525-1-e1774892635857.jpg\",\"keywords\":[\"optimisation\",\"planning\",\"productivit\u00e9\"],\"articleSection\":[\"Transformation\"],\"inLanguage\":\"es\"},{\"@type\":\"WebPage\",\"@id\":\"https:\\\/\\\/www.groupesenef.com\\\/revolutionnez-la-gestion-des-plannings-dans-vos-entreprises\\\/\",\"url\":\"https:\\\/\\\/www.groupesenef.com\\\/revolutionnez-la-gestion-des-plannings-dans-vos-entreprises\\\/\",\"name\":\"Centraliser ses outils de gestion : performance et efficacit\u00e9\",\"isPartOf\":{\"@id\":\"https:\\\/\\\/www.groupesenef.com\\\/#website\"},\"primaryImageOfPage\":{\"@id\":\"https:\\\/\\\/www.groupesenef.com\\\/revolutionnez-la-gestion-des-plannings-dans-vos-entreprises\\\/#primaryimage\"},\"image\":{\"@id\":\"https:\\\/\\\/www.groupesenef.com\\\/revolutionnez-la-gestion-des-plannings-dans-vos-entreprises\\\/#primaryimage\"},\"thumbnailUrl\":\"https:\\\/\\\/www.groupesenef.com\\\/wp-content\\\/uploads\\\/2026\\\/03\\\/limportance-des-donnees-en-temps-reel-comment-senef-aident-les-entreprises-de-services-89238525-1-e1774892635857.jpg\",\"datePublished\":\"2026-03-06T07:25:12+00:00\",\"dateModified\":\"2026-04-14T07:23:13+00:00\",\"description\":\"Centraliser vos outils de gestion renforce l\u2019efficacit\u00e9, la visibilit\u00e9 et la performance globale de votre entreprise.\",\"breadcrumb\":{\"@id\":\"https:\\\/\\\/www.groupesenef.com\\\/revolutionnez-la-gestion-des-plannings-dans-vos-entreprises\\\/#breadcrumb\"},\"inLanguage\":\"es\",\"potentialAction\":[{\"@type\":\"ReadAction\",\"target\":[\"https:\\\/\\\/www.groupesenef.com\\\/revolutionnez-la-gestion-des-plannings-dans-vos-entreprises\\\/\"]}]},{\"@type\":\"ImageObject\",\"inLanguage\":\"es\",\"@id\":\"https:\\\/\\\/www.groupesenef.com\\\/revolutionnez-la-gestion-des-plannings-dans-vos-entreprises\\\/#primaryimage\",\"url\":\"https:\\\/\\\/www.groupesenef.com\\\/wp-content\\\/uploads\\\/2026\\\/03\\\/limportance-des-donnees-en-temps-reel-comment-senef-aident-les-entreprises-de-services-89238525-1-e1774892635857.jpg\",\"contentUrl\":\"https:\\\/\\\/www.groupesenef.com\\\/wp-content\\\/uploads\\\/2026\\\/03\\\/limportance-des-donnees-en-temps-reel-comment-senef-aident-les-entreprises-de-services-89238525-1-e1774892635857.jpg\",\"width\":800,\"height\":580},{\"@type\":\"BreadcrumbList\",\"@id\":\"https:\\\/\\\/www.groupesenef.com\\\/revolutionnez-la-gestion-des-plannings-dans-vos-entreprises\\\/#breadcrumb\",\"itemListElement\":[{\"@type\":\"ListItem\",\"position\":1,\"name\":\"Accueil\",\"item\":\"https:\\\/\\\/www.groupesenef.com\\\/\"},{\"@type\":\"ListItem\",\"position\":2,\"name\":\"Centraliser les outils de gestion de son entreprise : un levier de performance incontournable\"}]},{\"@type\":\"WebSite\",\"@id\":\"https:\\\/\\\/www.groupesenef.com\\\/#website\",\"url\":\"https:\\\/\\\/www.groupesenef.com\\\/\",\"name\":\"Groupe Senef\",\"description\":\"\",\"publisher\":{\"@id\":\"https:\\\/\\\/www.groupesenef.com\\\/#organization\"},\"potentialAction\":[{\"@type\":\"SearchAction\",\"target\":{\"@type\":\"EntryPoint\",\"urlTemplate\":\"https:\\\/\\\/www.groupesenef.com\\\/?s={search_term_string}\"},\"query-input\":{\"@type\":\"PropertyValueSpecification\",\"valueRequired\":true,\"valueName\":\"search_term_string\"}}],\"inLanguage\":\"es\"},{\"@type\":\"Organization\",\"@id\":\"https:\\\/\\\/www.groupesenef.com\\\/#organization\",\"name\":\"Groupe Senef\",\"url\":\"https:\\\/\\\/www.groupesenef.com\\\/\",\"logo\":{\"@type\":\"ImageObject\",\"inLanguage\":\"es\",\"@id\":\"https:\\\/\\\/www.groupesenef.com\\\/#\\\/schema\\\/logo\\\/image\\\/\",\"url\":\"https:\\\/\\\/www.groupesenef.com\\\/wp-content\\\/uploads\\\/2026\\\/02\\\/Calque_1-13.svg\",\"contentUrl\":\"https:\\\/\\\/www.groupesenef.com\\\/wp-content\\\/uploads\\\/2026\\\/02\\\/Calque_1-13.svg\",\"width\":281,\"height\":49,\"caption\":\"Groupe Senef\"},\"image\":{\"@id\":\"https:\\\/\\\/www.groupesenef.com\\\/#\\\/schema\\\/logo\\\/image\\\/\"},\"sameAs\":[\"https:\\\/\\\/www.facebook.com\\\/groupesenef\\\/?locale=fr_FR\"]},{\"@type\":\"Person\",\"@id\":\"https:\\\/\\\/www.groupesenef.com\\\/#\\\/schema\\\/person\\\/166dc65bc4310db101d3456bde59b135\",\"name\":\"Laure\",\"image\":{\"@type\":\"ImageObject\",\"inLanguage\":\"es\",\"@id\":\"https:\\\/\\\/secure.gravatar.com\\\/avatar\\\/df754be39fe587a2626c31f6bd41a0d96ac5954171da9a56191581b796fd1f25?s=96&d=mm&r=g\",\"url\":\"https:\\\/\\\/secure.gravatar.com\\\/avatar\\\/df754be39fe587a2626c31f6bd41a0d96ac5954171da9a56191581b796fd1f25?s=96&d=mm&r=g\",\"contentUrl\":\"https:\\\/\\\/secure.gravatar.com\\\/avatar\\\/df754be39fe587a2626c31f6bd41a0d96ac5954171da9a56191581b796fd1f25?s=96&d=mm&r=g\",\"caption\":\"Laure\"},\"url\":\"https:\\\/\\\/www.groupesenef.com\\\/es\\\/author\\\/laure\\\/\"}]}<\/script>\n<!-- \/ Yoast SEO plugin. -->","yoast_head_json":{"title":"Centralizar las herramientas de gesti\u00f3n: rendimiento y eficacia","description":"Centralizar sus herramientas de gesti\u00f3n refuerza la eficiencia, la visibilidad y el rendimiento general de su empresa.","robots":{"index":"index","follow":"follow","max-snippet":"max-snippet:-1","max-image-preview":"max-image-preview:large","max-video-preview":"max-video-preview:-1"},"canonical":"https:\/\/www.groupesenef.com\/es\/revolucione-el-modo-en-que-su-empresa-gestiona-sus-horarios\/","og_locale":"es_ES","og_type":"article","og_title":"Centraliser ses outils de gestion : performance et efficacit\u00e9","og_description":"Centraliser vos outils de gestion renforce l\u2019efficacit\u00e9, la visibilit\u00e9 et la performance globale de votre entreprise.","og_url":"https:\/\/www.groupesenef.com\/es\/revolucione-el-modo-en-que-su-empresa-gestiona-sus-horarios\/","og_site_name":"Groupe Senef","article_publisher":"https:\/\/www.facebook.com\/groupesenef\/?locale=fr_FR","article_published_time":"2026-03-06T07:25:12+00:00","article_modified_time":"2026-04-14T07:23:13+00:00","og_image":[{"width":800,"height":580,"url":"https:\/\/www.groupesenef.com\/wp-content\/uploads\/2026\/03\/limportance-des-donnees-en-temps-reel-comment-senef-aident-les-entreprises-de-services-89238525-1-e1774892635857.jpg","type":"image\/jpeg"}],"author":"Laure","twitter_card":"summary_large_image","twitter_misc":{"Escrito por":"Laure","Tiempo de lectura":"13 minutos"},"schema":{"@context":"https:\/\/schema.org","@graph":[{"@type":"Article","@id":"https:\/\/www.groupesenef.com\/revolutionnez-la-gestion-des-plannings-dans-vos-entreprises\/#article","isPartOf":{"@id":"https:\/\/www.groupesenef.com\/revolutionnez-la-gestion-des-plannings-dans-vos-entreprises\/"},"author":{"name":"Laure","@id":"https:\/\/www.groupesenef.com\/#\/schema\/person\/166dc65bc4310db101d3456bde59b135"},"headline":"Centraliser les outils de gestion de son entreprise : un levier de performance incontournable","datePublished":"2026-03-06T07:25:12+00:00","dateModified":"2026-04-14T07:23:13+00:00","mainEntityOfPage":{"@id":"https:\/\/www.groupesenef.com\/revolutionnez-la-gestion-des-plannings-dans-vos-entreprises\/"},"wordCount":2932,"publisher":{"@id":"https:\/\/www.groupesenef.com\/#organization"},"image":{"@id":"https:\/\/www.groupesenef.com\/revolutionnez-la-gestion-des-plannings-dans-vos-entreprises\/#primaryimage"},"thumbnailUrl":"https:\/\/www.groupesenef.com\/wp-content\/uploads\/2026\/03\/limportance-des-donnees-en-temps-reel-comment-senef-aident-les-entreprises-de-services-89238525-1-e1774892635857.jpg","keywords":["optimisation","planning","productivit\u00e9"],"articleSection":["Transformation"],"inLanguage":"es"},{"@type":"WebPage","@id":"https:\/\/www.groupesenef.com\/revolutionnez-la-gestion-des-plannings-dans-vos-entreprises\/","url":"https:\/\/www.groupesenef.com\/revolutionnez-la-gestion-des-plannings-dans-vos-entreprises\/","name":"Centralizar las herramientas de gesti\u00f3n: rendimiento y eficacia","isPartOf":{"@id":"https:\/\/www.groupesenef.com\/#website"},"primaryImageOfPage":{"@id":"https:\/\/www.groupesenef.com\/revolutionnez-la-gestion-des-plannings-dans-vos-entreprises\/#primaryimage"},"image":{"@id":"https:\/\/www.groupesenef.com\/revolutionnez-la-gestion-des-plannings-dans-vos-entreprises\/#primaryimage"},"thumbnailUrl":"https:\/\/www.groupesenef.com\/wp-content\/uploads\/2026\/03\/limportance-des-donnees-en-temps-reel-comment-senef-aident-les-entreprises-de-services-89238525-1-e1774892635857.jpg","datePublished":"2026-03-06T07:25:12+00:00","dateModified":"2026-04-14T07:23:13+00:00","description":"Centralizar sus herramientas de gesti\u00f3n refuerza la eficiencia, la visibilidad y el rendimiento general de su empresa.","breadcrumb":{"@id":"https:\/\/www.groupesenef.com\/revolutionnez-la-gestion-des-plannings-dans-vos-entreprises\/#breadcrumb"},"inLanguage":"es","potentialAction":[{"@type":"ReadAction","target":["https:\/\/www.groupesenef.com\/revolutionnez-la-gestion-des-plannings-dans-vos-entreprises\/"]}]},{"@type":"ImageObject","inLanguage":"es","@id":"https:\/\/www.groupesenef.com\/revolutionnez-la-gestion-des-plannings-dans-vos-entreprises\/#primaryimage","url":"https:\/\/www.groupesenef.com\/wp-content\/uploads\/2026\/03\/limportance-des-donnees-en-temps-reel-comment-senef-aident-les-entreprises-de-services-89238525-1-e1774892635857.jpg","contentUrl":"https:\/\/www.groupesenef.com\/wp-content\/uploads\/2026\/03\/limportance-des-donnees-en-temps-reel-comment-senef-aident-les-entreprises-de-services-89238525-1-e1774892635857.jpg","width":800,"height":580},{"@type":"BreadcrumbList","@id":"https:\/\/www.groupesenef.com\/revolutionnez-la-gestion-des-plannings-dans-vos-entreprises\/#breadcrumb","itemListElement":[{"@type":"ListItem","position":1,"name":"Accueil","item":"https:\/\/www.groupesenef.com\/"},{"@type":"ListItem","position":2,"name":"Centraliser les outils de gestion de son entreprise : un levier de performance incontournable"}]},{"@type":"WebSite","@id":"https:\/\/www.groupesenef.com\/#website","url":"https:\/\/www.groupesenef.com\/","name":"Grupo Senef","description":"","publisher":{"@id":"https:\/\/www.groupesenef.com\/#organization"},"potentialAction":[{"@type":"SearchAction","target":{"@type":"EntryPoint","urlTemplate":"https:\/\/www.groupesenef.com\/?s={search_term_string}"},"query-input":{"@type":"PropertyValueSpecification","valueRequired":true,"valueName":"search_term_string"}}],"inLanguage":"es"},{"@type":"Organization","@id":"https:\/\/www.groupesenef.com\/#organization","name":"Grupo Senef","url":"https:\/\/www.groupesenef.com\/","logo":{"@type":"ImageObject","inLanguage":"es","@id":"https:\/\/www.groupesenef.com\/#\/schema\/logo\/image\/","url":"https:\/\/www.groupesenef.com\/wp-content\/uploads\/2026\/02\/Calque_1-13.svg","contentUrl":"https:\/\/www.groupesenef.com\/wp-content\/uploads\/2026\/02\/Calque_1-13.svg","width":281,"height":49,"caption":"Groupe Senef"},"image":{"@id":"https:\/\/www.groupesenef.com\/#\/schema\/logo\/image\/"},"sameAs":["https:\/\/www.facebook.com\/groupesenef\/?locale=fr_FR"]},{"@type":"Person","@id":"https:\/\/www.groupesenef.com\/#\/schema\/person\/166dc65bc4310db101d3456bde59b135","name":"Laure","image":{"@type":"ImageObject","inLanguage":"es","@id":"https:\/\/secure.gravatar.com\/avatar\/df754be39fe587a2626c31f6bd41a0d96ac5954171da9a56191581b796fd1f25?s=96&d=mm&r=g","url":"https:\/\/secure.gravatar.com\/avatar\/df754be39fe587a2626c31f6bd41a0d96ac5954171da9a56191581b796fd1f25?s=96&d=mm&r=g","contentUrl":"https:\/\/secure.gravatar.com\/avatar\/df754be39fe587a2626c31f6bd41a0d96ac5954171da9a56191581b796fd1f25?s=96&d=mm&r=g","caption":"Laure"},"url":"https:\/\/www.groupesenef.com\/es\/author\/laure\/"}]}},"_links":{"self":[{"href":"https:\/\/www.groupesenef.com\/es\/wp-json\/wp\/v2\/posts\/12600","targetHints":{"allow":["GET"]}}],"collection":[{"href":"https:\/\/www.groupesenef.com\/es\/wp-json\/wp\/v2\/posts"}],"about":[{"href":"https:\/\/www.groupesenef.com\/es\/wp-json\/wp\/v2\/types\/post"}],"author":[{"embeddable":true,"href":"https:\/\/www.groupesenef.com\/es\/wp-json\/wp\/v2\/users\/2"}],"replies":[{"embeddable":true,"href":"https:\/\/www.groupesenef.com\/es\/wp-json\/wp\/v2\/comments?post=12600"}],"version-history":[{"count":6,"href":"https:\/\/www.groupesenef.com\/es\/wp-json\/wp\/v2\/posts\/12600\/revisions"}],"predecessor-version":[{"id":13810,"href":"https:\/\/www.groupesenef.com\/es\/wp-json\/wp\/v2\/posts\/12600\/revisions\/13810"}],"wp:featuredmedia":[{"embeddable":true,"href":"https:\/\/www.groupesenef.com\/es\/wp-json\/wp\/v2\/media\/12603"}],"wp:attachment":[{"href":"https:\/\/www.groupesenef.com\/es\/wp-json\/wp\/v2\/media?parent=12600"}],"wp:term":[{"taxonomy":"category","embeddable":true,"href":"https:\/\/www.groupesenef.com\/es\/wp-json\/wp\/v2\/categories?post=12600"},{"taxonomy":"post_tag","embeddable":true,"href":"https:\/\/www.groupesenef.com\/es\/wp-json\/wp\/v2\/tags?post=12600"}],"curies":[{"name":"wp","href":"https:\/\/api.w.org\/{rel}","templated":true}]}}