{"id":12238,"date":"2026-03-05T06:16:38","date_gmt":"2026-03-05T05:16:38","guid":{"rendered":"https:\/\/www.groupesenef.com\/?p=12238"},"modified":"2026-04-29T15:49:37","modified_gmt":"2026-04-29T13:49:37","slug":"facturacion-electronica-preparese-con-nuestras-soluciones","status":"publish","type":"post","link":"https:\/\/www.groupesenef.com\/es\/dematerialisation-des-factures-preparez-vous-avec-nos-solutions\/","title":{"rendered":"Digitalizar la gesti\u00f3n empresarial: una forma pr\u00e1ctica de ahorrar tiempo, mejorar la fiabilidad y aumentar el rendimiento"},"content":{"rendered":"<div class=\"fusion-fullwidth fullwidth-box fusion-builder-row-1 fusion-flex-container nonhundred-percent-fullwidth non-hundred-percent-height-scrolling\" style=\"--awb-border-radius-top-left:0px;--awb-border-radius-top-right:0px;--awb-border-radius-bottom-right:0px;--awb-border-radius-bottom-left:0px;--awb-flex-wrap:wrap;\" ><div class=\"fusion-builder-row fusion-row fusion-flex-align-items-flex-start fusion-flex-content-wrap\" style=\"max-width:1560px;margin-left: calc(-4% \/ 2 );margin-right: calc(-4% \/ 2 );\"><div class=\"fusion-layout-column fusion_builder_column fusion-builder-column-0 fusion_builder_column_1_1 1_1 fusion-flex-column\" style=\"--awb-bg-blend:overlay;--awb-bg-size:cover;--awb-width-large:100%;--awb-margin-top-large:0px;--awb-spacing-right-large:1.92%;--awb-margin-bottom-large:0px;--awb-spacing-left-large:1.92%;--awb-width-medium:100%;--awb-spacing-right-medium:1.92%;--awb-spacing-left-medium:1.92%;--awb-width-small:100%;--awb-spacing-right-small:1.92%;--awb-spacing-left-small:1.92%;\"><div class=\"fusion-column-wrapper fusion-flex-justify-content-flex-start fusion-content-layout-column\"><div class=\"fusion-text fusion-text-1\"><p><span style=\"font-weight: 400;\">En sectores en los que el rendimiento depende de la coordinaci\u00f3n humana, como la seguridad privada, SAP o la limpieza, cada minuto cuenta. Los directores de empresa y sus equipos operativos hacen malabarismos constantemente entre la <\/span><b>gesti\u00f3n de horarios<\/b><span style=\"font-weight: 400;\">, Tambi\u00e9n nos comprometemos a satisfacer las expectativas de nuestros clientes y a cumplir la normativa. <\/span><\/p>\n<p><span style=\"font-weight: 400;\">En este contexto, la digitalizaci\u00f3n del <\/span><b>gestionar su empresa<\/b><span style=\"font-weight: 400;\"> ya no es un proyecto lejano reservado a las grandes organizaciones: es una parte esencial para seguir siendo competitivo, fiable y rentable.\u00a0<\/span><\/p>\n<p><span style=\"font-weight: 400;\">Pero, \u00bfpor d\u00f3nde empezar? Y sobre todo, \u00bfqu\u00e9 es <\/span><b>transformaci\u00f3n digital<\/b><span style=\"font-weight: 400;\"> cambiar realmente el d\u00eda a d\u00eda de los directivos y sus equipos?<\/span><\/p>\n<h3><strong>Por qu\u00e9 la gesti\u00f3n tradicional limita el rendimiento empresarial<\/strong><\/h3>\n<p><span style=\"font-weight: 400;\">Antes de hablar de soluciones, hay que identificar el problema. Muchas empresas de servicios siguen funcionando con un mosaico de herramientas dispares: archivos de Excel para la programaci\u00f3n, intercambios de correos electr\u00f3nicos para las instrucciones, documentos en papel para los informes redondos, software de n\u00f3minas que no est\u00e1 conectado con el resto del sistema de informaci\u00f3n, etc.<\/span><span style=\"font-weight: 400;\">\n<\/span><span style=\"font-weight: 400;\">\n<\/span><span style=\"font-weight: 400;\">\u00bfEl resultado? <\/span><\/p>\n<p><span style=\"font-weight: 400;\">La informaci\u00f3n est\u00e1 fragmentada, los equipos trabajan en silos y la <\/span><b>visibilidad operativa<\/b><span style=\"font-weight: 400;\"> se est\u00e1 deteriorando. Todo el mundo tiene parte de la verdad, pero nadie la tiene toda.<\/span><\/p>\n<h4><strong>Multiplicaci\u00f3n de herramientas y silos de informaci\u00f3n<\/strong><\/h4>\n<p><span style=\"font-weight: 400;\">Uno de los principales obst\u00e1culos al rendimiento en una organizaci\u00f3n con varias sedes es precisamente \u00e9ste.<\/span><b> multiplicaci\u00f3n de las herramientas<\/b><span style=\"font-weight: 400;\"> desconectados. Un jefe de ventas que gestiona los presupuestos en una hoja de c\u00e1lculo, un jefe de operaciones que lleva la cuenta del trabajo realizado en otro programa inform\u00e1tico y un departamento de RR.HH. que tramita las ausencias por correo electr\u00f3nico: esta forma de trabajar en silos crea lagunas permanentes de informaci\u00f3n. Cada empleado pierde un tiempo precioso buscando datos que la organizaci\u00f3n deber\u00eda poder centralizar y compartir al instante.<\/span><\/p>\n<h4><strong>Reintroducci\u00f3n manual y riesgo de error<\/strong><\/h4>\n<p><span style=\"font-weight: 400;\">La reintroducci\u00f3n manual es uno de los costes ocultos m\u00e1s infravalorados de la industria. <\/span><b>dirigir una empresa <\/b><span style=\"font-weight: 400;\">servicios. Cuando la informaci\u00f3n se introduce varias veces en distintos sistemas, el riesgo de error aumenta proporcionalmente. Un error en un turno, un cliente facturado con la tarifa equivocada, un agente asignado incorrectamente a un sitio: estas discrepancias aparentemente menores tienen consecuencias reales para la rentabilidad, las relaciones con los clientes y el cumplimiento de las normas. Reducir los reingresos significa <\/span><b>reducir los errores<\/b><span style=\"font-weight: 400;\">, y las consiguientes medidas correctoras, litigios y costes.<\/span><\/p>\n<h4><strong>Falta de visibilidad en tiempo real<\/strong><\/h4>\n<p><span style=\"font-weight: 400;\">Un directivo que toma decisiones bas\u00e1ndose en informaci\u00f3n parcial o de hace varios d\u00edas no est\u00e1 dirigiendo su empresa: est\u00e1 sufriendo. La capacidad de reaccionar con rapidez se basa en una v<\/span><b>Visibilidad de la actividad en tiempo real<\/b><span style=\"font-weight: 400;\">. Sin herramientas adecuadas, es imposible alcanzar sistem\u00e1ticamente este nivel de capacidad de respuesta.<\/span><\/p>\n<h3><strong>Digitalizar para ahorrar tiempo en el d\u00eda a d\u00eda<\/strong><\/h3>\n<p><span style=\"font-weight: 400;\">La primera promesa de la gesti\u00f3n empresarial digital es el tiempo. Tiempo liberado de tareas que no aportan valor y redistribuido hacia lo que realmente cuenta: la gesti\u00f3n, las relaciones con los clientes y el desarrollo empresarial.<\/span><\/p>\n<h4><strong>Automatizar tareas repetitivas<\/strong><\/h4>\n<p><span style=\"font-weight: 400;\">La <\/span><b>facturaci\u00f3n automatizada<\/b><span style=\"font-weight: 400;\">, seguimiento de la actividad en tiempo real, la <\/span><b>gesti\u00f3n administrativa<\/b><span style=\"font-weight: 400;\"> empleados: todas estas tareas pueden automatizarse parcial o totalmente utilizando el software empresarial adecuado.\u00a0<\/span><\/p>\n<p><span style=\"font-weight: 400;\">La automatizaci\u00f3n no sustituye a los equipos: los libera de tareas que consumen mucho tiempo para que puedan concentrarse en misiones de mayor valor. Un responsable de RRHH que ya no tiene que volver a introducir las horas trabajadas puede dedicar ese tiempo a contratar, retener o formar a los empleados.<\/span><\/p>\n<h4><strong>Centralizar los datos en una sola herramienta<\/strong><\/h4>\n<p><span style=\"font-weight: 400;\">Disponer de una herramienta centralizada en la que se puede acceder a todos los datos de su empresa en un \u00fanico lugar cambia radicalmente el d\u00eda a d\u00eda de sus equipos. Se acabaron los malabarismos con varias aplicaciones o pedir informaci\u00f3n a un compa\u00f1ero. Visite <\/span><b>horario<\/b><span style=\"font-weight: 400;\">, contratos con clientes, horas trabajadas <\/span><b>documentos normativos<\/b><span style=\"font-weight: 400;\"> Todo est\u00e1 en un mismo sitio, estructurado y accesible para las personas adecuadas. Es una mejora tangible de la eficiencia, medible desde las primeras semanas de uso.<\/span><\/p>\n<h4><strong>Agilizar la coordinaci\u00f3n entre equipos<\/strong><\/h4>\n<p><span style=\"font-weight: 400;\">En una empresa, el <\/span><b>comunicaci\u00f3n<\/b><span style=\"font-weight: 400;\"> entre los equipos sobre el terreno, los responsables y la direcci\u00f3n es una cuesti\u00f3n cr\u00edtica. Un agente que no recibe sus instrucciones a tiempo, un jefe de obra que no es informado de un cambio de horario, un jefe de operaciones que se entera demasiado tarde de que un puesto est\u00e1 vacante: estas situaciones degradan la calidad del servicio y exponen a la empresa a riesgos operativos. A <\/span><b>herramienta digital <\/b><span style=\"font-weight: 400;\">bien configurados para facilitar estos intercambios, estructurar la comunicaci\u00f3n y reducir la necesidad de solicitudes informales.<\/span><\/p>\n<h4><strong>Procesos m\u00e1s fiables para proteger su empresa<\/strong><\/h4>\n<p><span style=\"font-weight: 400;\">Adem\u00e1s de ahorrar tiempo, digitalizar sus procesos tambi\u00e9n significa hacerlos m\u00e1s fiables. Significa pasar de una organizaci\u00f3n que funciona a trav\u00e9s de personas a otra que funciona a trav\u00e9s de sistemas. Este cambio es esencial para <\/span><b>apoyar el crecimiento<\/b><span style=\"font-weight: 400;\"> sin p\u00e9rdida de calidad.<\/span><\/p>\n<h4><strong>Normalizaci\u00f3n de los procedimientos<\/strong><\/h4>\n<p><span style=\"font-weight: 400;\">Cuando los procedimientos no est\u00e1n formalizados y dotados de herramientas, cada empleado los interpreta a su manera. Normalizar los procesos empresariales mediante un <\/span><b>software <\/b><span style=\"font-weight: 400;\">garantiza la coherencia en la ejecuci\u00f3n de las tareas, independientemente del agente o el emplazamiento de que se trate. Esto es especialmente estrat\u00e9gico en un sector en el que el cumplimiento de la normativa es imprescindible, y en el que cualquier desviaci\u00f3n puede tener consecuencias legales y comerciales.<\/span><\/p>\n<h4><strong>Garantizar la trazabilidad de las acciones<\/strong><\/h4>\n<p><span style=\"font-weight: 400;\">En algunos sectores, la <\/span><b>trazabilidad<\/b><span style=\"font-weight: 400;\"> es un imperativo. Cada intervenci\u00f3n, cada ronda, cada informe debe poder rastrearse, fecharse y validarse. Una herramienta digital integra de forma nativa esta l\u00f3gica: conserva el historial de las acciones, permite el seguimiento de las tareas en tiempo real y facilita el control interno. En caso de litigio o auditor\u00eda, los datos est\u00e1n ah\u00ed, son fiables y accesibles. Es una <\/span><b>seguridad operativa<\/b><span style=\"font-weight: 400;\"> y requisitos legales que los sistemas basados en papel simplemente no pueden ofrecer.<\/span><\/p>\n<h4><strong>Reducir errores y costes ocultos<\/strong><\/h4>\n<p><span style=\"font-weight: 400;\">Menos errores significan menos correcciones, menos litigios y un mejor cumplimiento de la normativa. Visite <\/span><b>costes ocultos<\/b><span style=\"font-weight: 400;\"> relacionados con errores de gesti\u00f3n suelen subestimarse en los balances de las empresas. Sin embargo, pesan mucho en la rentabilidad real. Digitalizar la gesti\u00f3n significa abordar estos costes directamente, de forma estructural y sostenible.<\/span><\/p>\n<h3><strong>De la digitalizaci\u00f3n al rendimiento mensurable<\/strong><\/h3>\n<p><span style=\"font-weight: 400;\">El verdadero valor de una herramienta digital no se mide por su funcionalidad, sino por los resultados que produce. Y la buena noticia es que estos <\/span><b>los resultados son mensurables<\/b><span style=\"font-weight: 400;\">.<\/span><\/p>\n<h4><strong>Utilizar los datos para gestionar la empresa<\/strong><\/h4>\n<p><span style=\"font-weight: 400;\">Un directivo que ha <\/span><b>datos fiables<\/b><span style=\"font-weight: 400;\">, Puede identificar r\u00e1pidamente los centros de bajo rendimiento, los agentes m\u00e1s solicitados, los clientes menos rentables o los puestos de trabajo en riesgo. Puede identificar r\u00e1pidamente los centros con bajo rendimiento, los agentes m\u00e1s solicitados, los clientes menos rentables o los puestos de trabajo en riesgo. Esta capacidad de an\u00e1lisis transforma la forma de gestionar la empresa, pasando de un planteamiento de \"talla \u00fanica\" a otro de \"talla \u00fanica\". <\/span><b>direcci\u00f3n<\/b><span style=\"font-weight: 400;\"> del instinto a la gesti\u00f3n por indicadores. Las decisiones son m\u00e1s informadas, las acciones m\u00e1s espec\u00edficas y los resultados m\u00e1s predecibles.<\/span><\/p>\n<h4><strong>Mejorar las relaciones con los clientes<\/strong><\/h4>\n<p><span style=\"font-weight: 400;\">Un cliente bien atendido es un cliente que se queda. Digitalizar la gesti\u00f3n mejora directamente <\/span><b>calidad del servicio <\/b><span style=\"font-weight: 400;\">percibido: los informes de intervenci\u00f3n se transmiten en tiempo real, las anomal\u00edas se comunican inmediatamente y las solicitudes se tratan con mayor rapidez. La reactividad mejora, al igual que la fiabilidad. Y en un sector en el que la confianza es el principal criterio para elegir un proveedor de servicios, esto es una verdadera ventaja. <\/span><b>ventaja competitiva <\/b><span style=\"font-weight: 400;\">decisivo.<\/span><\/p>\n<h4><strong>Optimizar los recursos y el tiempo<\/strong><\/h4>\n<p><span style=\"font-weight: 400;\">Una mejor visibilidad de la actividad empresarial tambi\u00e9n permite asignar mejor los recursos humanos y materiales. El personal sobre el terreno se asigna de forma m\u00e1s pertinente, los horarios se optimizan y las ausencias se anticipan en lugar de sufrirlas. La organizaci\u00f3n se vuelve m\u00e1s fluida y los equipos trabajan en mejores condiciones. En definitiva, <\/span><b>reduce la rotaci\u00f3n <\/b><span style=\"font-weight: 400;\">y mejora la calidad del servicio.<\/span><\/p>\n<h3><strong>Digitalizaci\u00f3n inteligente: evitar la sobredigitalizaci\u00f3n<\/strong><\/h3>\n<p><span style=\"font-weight: 400;\">Ser\u00eda enga\u00f1oso sugerir que todo lo que hay que hacer para rendir es acumular herramientas digitales. La realidad es m\u00e1s matizada... y m\u00e1s exigente.<\/span><\/p>\n<h4><strong>Los peligros de apilar herramientas<\/strong><\/h4>\n<p><span style=\"font-weight: 400;\">A\u00f1adir una nueva herramienta a un sistema ya de por s\u00ed complejo suele agravar el problema en lugar de resolverlo. Un CRM que no se comunica con el software de planificaci\u00f3n, un <\/span><b>aplicaci\u00f3n m\u00f3vil<\/b><span style=\"font-weight: 400;\"> desconectado del back office, una herramienta de elaboraci\u00f3n de informes que importa datos manualmente de otro sistema: este amontonamiento crea complejidad, genera nuevos errores y aumenta la carga de trabajo de los equipos. El sitio <\/span><b>rendimiento <\/b><span style=\"font-weight: 400;\">no es el n\u00famero de herramientas digitales, sino su coherencia.<\/span><\/p>\n<h4><strong>La importancia de una base de software estructurante<\/strong><\/h4>\n<p><span style=\"font-weight: 400;\">Lo que necesitamos es una base <\/span><b>software central <\/b><span style=\"font-weight: 400;\">que vincula procesos, datos y equipos en un entorno \u00fanico y coherente. Un ERP empresarial bien dise\u00f1ado desempe\u00f1a esta funci\u00f3n <\/span><b>estructura el negocio,<\/b><span style=\"font-weight: 400;\"> hace m\u00e1s fluidos los intercambios y permite gestionar de forma sostenible el rendimiento operativo. Es precisamente esta l\u00f3gica la que ha guiado el dise\u00f1o de las soluciones de Groupe Senef desde su creaci\u00f3n.<\/span><\/p>\n<h3><strong>Groupe Senef: digitalizaci\u00f3n para mejorar el rendimiento operativo<\/strong><\/h3>\n<p><span style=\"font-weight: 400;\">Groupe Senef es un editor de soluciones de software empresarial especializado en los sectores de servicios intensivos en personal. Desde hace m\u00e1s de quince a\u00f1os, el grupo colabora con empresas de los siguientes sectores <\/span><a href=\"https:\/\/seenet-securite.fr\/\"><b>seguridad privada<\/b><\/a><span style=\"font-weight: 400;\">, de <\/span><b><a href=\"https:\/\/www.progiclean.com\/\">limpieza<\/a>,<\/b><span style=\"font-weight: 400;\"> de <\/span><a href=\"https:\/\/progisap.fr\/\"><b>servicios personales y autonom\u00eda<\/b><\/a><span style=\"font-weight: 400;\"> y otras verticales exigentes en sus <\/span><b>transformaci\u00f3n digital.<\/b><span style=\"font-weight: 400;\"> No basadas en modelos te\u00f3ricos, sino en la realidad sobre el terreno.<\/span><\/p>\n<h4><strong>Centralizaci\u00f3n de los procesos empresariales<\/strong><\/h4>\n<p><span style=\"font-weight: 400;\">Con <\/span><strong><a href=\"https:\/\/seenet-securite.fr\/\">Seenet<\/a><\/strong><span style=\"font-weight: 400;\"> (seguridad privada), <\/span><strong><a href=\"https:\/\/www.progiclean.com\/\">Progiclean<\/a><\/strong><span style=\"font-weight: 400;\"> (limpieza) y <\/span><strong><a href=\"https:\/\/progisap.fr\/\">Progisap <\/a><\/strong><span style=\"font-weight: 400;\">(SAP), la programaci\u00f3n, la gesti\u00f3n de asignaciones, la facturaci\u00f3n y el seguimiento de actividades se integran en un \u00fanico entorno digital. Se acabaron los datos dispersos en varias herramientas: todo est\u00e1 conectado, accesible y es coherente. Los responsables operativos ganan en capacidad de respuesta, los equipos sobre el terreno en claridad y la direcci\u00f3n en control.<\/span><\/p>\n<h4><strong>Automatizaci\u00f3n y fiabilidad de los datos<\/strong><\/h4>\n<p><span style=\"font-weight: 400;\">Las soluciones del Grupo Senef incorporan mecanismos para\u2019<\/span><b>automatizaci\u00f3n<\/b><span style=\"font-weight: 400;\"> que reducen las tareas manuales, minimizan el riesgo de error y garantizan el cumplimiento de la normativa. La trazabilidad est\u00e1 garantizada en cada etapa: cada acci\u00f3n lleva un sello de tiempo, cada documento se conserva y cada modificaci\u00f3n queda registrada. Es una respuesta directa a las exigencias de sectores en los que el rigor no es una opci\u00f3n.<\/span><\/p>\n<h4><strong>Visi\u00f3n en tiempo real para directivos<\/strong><\/h4>\n<p><span style=\"font-weight: 400;\">La gesti\u00f3n estrat\u00e9gica de una empresa depende de datos fiables y accesibles en el momento oportuno. Los cuadros de mando en tiempo real que ofrecen las soluciones de Groupe Senef proporcionan a los directivos una visi\u00f3n unificada de su actividad, desde el campo hasta la sede central, para que puedan tomar las decisiones adecuadas en el momento oportuno.<\/span><span style=\"font-weight: 400;\"> anticiparse a los riesgos y aprovechar las oportunidades. Esto es lo que Groupe Senef resume en una simple creencia: la tecnolog\u00eda no crea rendimiento, lo hace posible alineando equipos, datos y operaciones.<\/span><\/p>\n<h2><strong>Conclusi\u00f3n: digitalizar para estructurar y acelerar el rendimiento<\/strong><\/h2>\n<p><span style=\"font-weight: 400;\">Digitalizar la gesti\u00f3n de su empresa no es una revoluci\u00f3n que se produce de la noche a la ma\u00f1ana. Es un enfoque gradual y estructurado, basado en la realidad sobre el terreno. Pero los beneficios son tangibles, mensurables y duraderos: ahorro de tiempo en tareas de poco valor, procesos m\u00e1s fiables, decisiones mejor informadas y relaciones m\u00e1s s\u00f3lidas con los clientes. El socio adecuado puede marcar la diferencia.<\/span><\/p>\n<p><strong>Para ponerse en contacto con nosotros, haga clic aqu\u00ed<\/strong> : Marketing@groupesenef.com<\/p>\n<p><a href=\"https:\/\/www.linkedin.com\/company\/groupe-senef\/posts\/?feedView=all\">S\u00edguenos en LinkedIn\u00a0<\/a><\/p>\n<h2 class=\"fusion-responsive-typography-calculated\" style=\"--fontsize: 48; line-height: 1.1;\" data-fontsize=\"48\" data-lineheight=\"52.8px\"><\/h2>\n<\/div><\/div><\/div><\/div><\/div><!-- \/wp:post-content -->","protected":false},"excerpt":{"rendered":"<p>Digitalizar la gesti\u00f3n de su empresa puede mejorar su rendimiento. Descubra c\u00f3mo las soluciones de Groupe Senef pueden optimizar su negocio.<\/p>","protected":false},"author":2,"featured_media":13816,"comment_status":"closed","ping_status":"open","sticky":false,"template":"","format":"gallery","meta":{"_acf_changed":false,"footnotes":""},"categories":[1],"tags":[72,73,74,75],"class_list":["post-12238","post","type-post","status-publish","format-gallery","has-post-thumbnail","hentry","category-article","tag-digitalisation","tag-entreprise","tag-erp","tag-logiciel-de-gestion","post_format-post-format-gallery"],"acf":[],"yoast_head":"<!-- This site is optimized with the Yoast SEO plugin v27.4 - https:\/\/yoast.com\/product\/yoast-seo-wordpress\/ -->\n<title>Digitaliser la gestion de son entreprise<\/title>\n<meta name=\"description\" content=\"Digitaliser la gestion de son entreprise permet d\u2019am\u00e9liorer ses performances. D\u00e9couvrez comment les solutions Groupe Senef optimisent l\u2019activit\u00e9.\" \/>\n<meta name=\"robots\" content=\"index, follow, max-snippet:-1, max-image-preview:large, max-video-preview:-1\" \/>\n<link rel=\"canonical\" href=\"https:\/\/www.groupesenef.com\/es\/facturacion-electronica-preparese-con-nuestras-soluciones\/\" \/>\n<meta property=\"og:locale\" content=\"es_ES\" \/>\n<meta property=\"og:type\" content=\"article\" \/>\n<meta property=\"og:title\" content=\"Digitaliser la gestion de son entreprise\" \/>\n<meta property=\"og:description\" content=\"Digitaliser la gestion de son entreprise permet d\u2019am\u00e9liorer ses performances. D\u00e9couvrez comment les solutions Groupe Senef optimisent l\u2019activit\u00e9.\" \/>\n<meta property=\"og:url\" content=\"https:\/\/www.groupesenef.com\/es\/facturacion-electronica-preparese-con-nuestras-soluciones\/\" \/>\n<meta property=\"og:site_name\" content=\"Groupe Senef\" \/>\n<meta property=\"article:publisher\" content=\"https:\/\/www.facebook.com\/groupesenef\/?locale=fr_FR\" \/>\n<meta property=\"article:published_time\" content=\"2026-03-05T05:16:38+00:00\" \/>\n<meta property=\"article:modified_time\" content=\"2026-04-29T13:49:37+00:00\" \/>\n<meta property=\"og:image\" content=\"https:\/\/www.groupesenef.com\/wp-content\/uploads\/2026\/03\/lukas-blazek-mcSDtbWXUZU-unsplash-scaled-e1774892860673.jpg\" \/>\n\t<meta property=\"og:image:width\" content=\"1617\" \/>\n\t<meta property=\"og:image:height\" content=\"1693\" \/>\n\t<meta property=\"og:image:type\" content=\"image\/jpeg\" \/>\n<meta name=\"author\" content=\"Laure\" \/>\n<meta name=\"twitter:card\" content=\"summary_large_image\" \/>\n<meta name=\"twitter:label1\" content=\"Escrito por\" \/>\n\t<meta name=\"twitter:data1\" content=\"Laure\" \/>\n\t<meta name=\"twitter:label2\" content=\"Tiempo de lectura\" \/>\n\t<meta name=\"twitter:data2\" content=\"10 minutos\" \/>\n<script type=\"application\/ld+json\" class=\"yoast-schema-graph\">{\"@context\":\"https:\\\/\\\/schema.org\",\"@graph\":[{\"@type\":\"Article\",\"@id\":\"https:\\\/\\\/www.groupesenef.com\\\/dematerialisation-des-factures-preparez-vous-avec-nos-solutions\\\/#article\",\"isPartOf\":{\"@id\":\"https:\\\/\\\/www.groupesenef.com\\\/dematerialisation-des-factures-preparez-vous-avec-nos-solutions\\\/\"},\"author\":{\"name\":\"Laure\",\"@id\":\"https:\\\/\\\/www.groupesenef.com\\\/#\\\/schema\\\/person\\\/166dc65bc4310db101d3456bde59b135\"},\"headline\":\"Digitaliser la gestion d&rsquo;entreprise : un levier concret de gain de temps, de fiabilit\u00e9 et de performance\",\"datePublished\":\"2026-03-05T05:16:38+00:00\",\"dateModified\":\"2026-04-29T13:49:37+00:00\",\"mainEntityOfPage\":{\"@id\":\"https:\\\/\\\/www.groupesenef.com\\\/dematerialisation-des-factures-preparez-vous-avec-nos-solutions\\\/\"},\"wordCount\":2344,\"publisher\":{\"@id\":\"https:\\\/\\\/www.groupesenef.com\\\/#organization\"},\"image\":{\"@id\":\"https:\\\/\\\/www.groupesenef.com\\\/dematerialisation-des-factures-preparez-vous-avec-nos-solutions\\\/#primaryimage\"},\"thumbnailUrl\":\"https:\\\/\\\/www.groupesenef.com\\\/wp-content\\\/uploads\\\/2026\\\/03\\\/lukas-blazek-mcSDtbWXUZU-unsplash-scaled-e1774892860673.jpg\",\"keywords\":[\"Digitalisation\",\"Entreprise\",\"ERP\",\"Logiciel de gestion\"],\"articleSection\":[\"Article\"],\"inLanguage\":\"es\"},{\"@type\":\"WebPage\",\"@id\":\"https:\\\/\\\/www.groupesenef.com\\\/dematerialisation-des-factures-preparez-vous-avec-nos-solutions\\\/\",\"url\":\"https:\\\/\\\/www.groupesenef.com\\\/dematerialisation-des-factures-preparez-vous-avec-nos-solutions\\\/\",\"name\":\"Digitaliser la gestion de son entreprise\",\"isPartOf\":{\"@id\":\"https:\\\/\\\/www.groupesenef.com\\\/#website\"},\"primaryImageOfPage\":{\"@id\":\"https:\\\/\\\/www.groupesenef.com\\\/dematerialisation-des-factures-preparez-vous-avec-nos-solutions\\\/#primaryimage\"},\"image\":{\"@id\":\"https:\\\/\\\/www.groupesenef.com\\\/dematerialisation-des-factures-preparez-vous-avec-nos-solutions\\\/#primaryimage\"},\"thumbnailUrl\":\"https:\\\/\\\/www.groupesenef.com\\\/wp-content\\\/uploads\\\/2026\\\/03\\\/lukas-blazek-mcSDtbWXUZU-unsplash-scaled-e1774892860673.jpg\",\"datePublished\":\"2026-03-05T05:16:38+00:00\",\"dateModified\":\"2026-04-29T13:49:37+00:00\",\"description\":\"Digitaliser la gestion de son entreprise permet d\u2019am\u00e9liorer ses performances. D\u00e9couvrez comment les solutions Groupe Senef optimisent l\u2019activit\u00e9.\",\"breadcrumb\":{\"@id\":\"https:\\\/\\\/www.groupesenef.com\\\/dematerialisation-des-factures-preparez-vous-avec-nos-solutions\\\/#breadcrumb\"},\"inLanguage\":\"es\",\"potentialAction\":[{\"@type\":\"ReadAction\",\"target\":[\"https:\\\/\\\/www.groupesenef.com\\\/dematerialisation-des-factures-preparez-vous-avec-nos-solutions\\\/\"]}]},{\"@type\":\"ImageObject\",\"inLanguage\":\"es\",\"@id\":\"https:\\\/\\\/www.groupesenef.com\\\/dematerialisation-des-factures-preparez-vous-avec-nos-solutions\\\/#primaryimage\",\"url\":\"https:\\\/\\\/www.groupesenef.com\\\/wp-content\\\/uploads\\\/2026\\\/03\\\/lukas-blazek-mcSDtbWXUZU-unsplash-scaled-e1774892860673.jpg\",\"contentUrl\":\"https:\\\/\\\/www.groupesenef.com\\\/wp-content\\\/uploads\\\/2026\\\/03\\\/lukas-blazek-mcSDtbWXUZU-unsplash-scaled-e1774892860673.jpg\",\"width\":1617,\"height\":1693},{\"@type\":\"BreadcrumbList\",\"@id\":\"https:\\\/\\\/www.groupesenef.com\\\/dematerialisation-des-factures-preparez-vous-avec-nos-solutions\\\/#breadcrumb\",\"itemListElement\":[{\"@type\":\"ListItem\",\"position\":1,\"name\":\"Accueil\",\"item\":\"https:\\\/\\\/www.groupesenef.com\\\/\"},{\"@type\":\"ListItem\",\"position\":2,\"name\":\"Digitaliser la gestion d&rsquo;entreprise : un levier concret de gain de temps, de fiabilit\u00e9 et de performance\"}]},{\"@type\":\"WebSite\",\"@id\":\"https:\\\/\\\/www.groupesenef.com\\\/#website\",\"url\":\"https:\\\/\\\/www.groupesenef.com\\\/\",\"name\":\"Groupe Senef\",\"description\":\"\",\"publisher\":{\"@id\":\"https:\\\/\\\/www.groupesenef.com\\\/#organization\"},\"potentialAction\":[{\"@type\":\"SearchAction\",\"target\":{\"@type\":\"EntryPoint\",\"urlTemplate\":\"https:\\\/\\\/www.groupesenef.com\\\/?s={search_term_string}\"},\"query-input\":{\"@type\":\"PropertyValueSpecification\",\"valueRequired\":true,\"valueName\":\"search_term_string\"}}],\"inLanguage\":\"es\"},{\"@type\":\"Organization\",\"@id\":\"https:\\\/\\\/www.groupesenef.com\\\/#organization\",\"name\":\"Groupe Senef\",\"url\":\"https:\\\/\\\/www.groupesenef.com\\\/\",\"logo\":{\"@type\":\"ImageObject\",\"inLanguage\":\"es\",\"@id\":\"https:\\\/\\\/www.groupesenef.com\\\/#\\\/schema\\\/logo\\\/image\\\/\",\"url\":\"https:\\\/\\\/www.groupesenef.com\\\/wp-content\\\/uploads\\\/2026\\\/02\\\/Calque_1-13.svg\",\"contentUrl\":\"https:\\\/\\\/www.groupesenef.com\\\/wp-content\\\/uploads\\\/2026\\\/02\\\/Calque_1-13.svg\",\"width\":281,\"height\":49,\"caption\":\"Groupe Senef\"},\"image\":{\"@id\":\"https:\\\/\\\/www.groupesenef.com\\\/#\\\/schema\\\/logo\\\/image\\\/\"},\"sameAs\":[\"https:\\\/\\\/www.facebook.com\\\/groupesenef\\\/?locale=fr_FR\"]},{\"@type\":\"Person\",\"@id\":\"https:\\\/\\\/www.groupesenef.com\\\/#\\\/schema\\\/person\\\/166dc65bc4310db101d3456bde59b135\",\"name\":\"Laure\",\"image\":{\"@type\":\"ImageObject\",\"inLanguage\":\"es\",\"@id\":\"https:\\\/\\\/secure.gravatar.com\\\/avatar\\\/df754be39fe587a2626c31f6bd41a0d96ac5954171da9a56191581b796fd1f25?s=96&d=mm&r=g\",\"url\":\"https:\\\/\\\/secure.gravatar.com\\\/avatar\\\/df754be39fe587a2626c31f6bd41a0d96ac5954171da9a56191581b796fd1f25?s=96&d=mm&r=g\",\"contentUrl\":\"https:\\\/\\\/secure.gravatar.com\\\/avatar\\\/df754be39fe587a2626c31f6bd41a0d96ac5954171da9a56191581b796fd1f25?s=96&d=mm&r=g\",\"caption\":\"Laure\"},\"url\":\"https:\\\/\\\/www.groupesenef.com\\\/es\\\/author\\\/laure\\\/\"}]}<\/script>\n<!-- \/ Yoast SEO plugin. -->","yoast_head_json":{"title":"Digitalizar la gesti\u00f3n de su empresa","description":"Digitalizar la gesti\u00f3n de su empresa puede mejorar su rendimiento. Descubra c\u00f3mo las soluciones de Groupe Senef pueden optimizar su negocio.","robots":{"index":"index","follow":"follow","max-snippet":"max-snippet:-1","max-image-preview":"max-image-preview:large","max-video-preview":"max-video-preview:-1"},"canonical":"https:\/\/www.groupesenef.com\/es\/facturacion-electronica-preparese-con-nuestras-soluciones\/","og_locale":"es_ES","og_type":"article","og_title":"Digitaliser la gestion de son entreprise","og_description":"Digitaliser la gestion de son entreprise permet d\u2019am\u00e9liorer ses performances. D\u00e9couvrez comment les solutions Groupe Senef optimisent l\u2019activit\u00e9.","og_url":"https:\/\/www.groupesenef.com\/es\/facturacion-electronica-preparese-con-nuestras-soluciones\/","og_site_name":"Groupe Senef","article_publisher":"https:\/\/www.facebook.com\/groupesenef\/?locale=fr_FR","article_published_time":"2026-03-05T05:16:38+00:00","article_modified_time":"2026-04-29T13:49:37+00:00","og_image":[{"width":1617,"height":1693,"url":"https:\/\/www.groupesenef.com\/wp-content\/uploads\/2026\/03\/lukas-blazek-mcSDtbWXUZU-unsplash-scaled-e1774892860673.jpg","type":"image\/jpeg"}],"author":"Laure","twitter_card":"summary_large_image","twitter_misc":{"Escrito por":"Laure","Tiempo de lectura":"10 minutos"},"schema":{"@context":"https:\/\/schema.org","@graph":[{"@type":"Article","@id":"https:\/\/www.groupesenef.com\/dematerialisation-des-factures-preparez-vous-avec-nos-solutions\/#article","isPartOf":{"@id":"https:\/\/www.groupesenef.com\/dematerialisation-des-factures-preparez-vous-avec-nos-solutions\/"},"author":{"name":"Laure","@id":"https:\/\/www.groupesenef.com\/#\/schema\/person\/166dc65bc4310db101d3456bde59b135"},"headline":"Digitaliser la gestion d&rsquo;entreprise : un levier concret de gain de temps, de fiabilit\u00e9 et de performance","datePublished":"2026-03-05T05:16:38+00:00","dateModified":"2026-04-29T13:49:37+00:00","mainEntityOfPage":{"@id":"https:\/\/www.groupesenef.com\/dematerialisation-des-factures-preparez-vous-avec-nos-solutions\/"},"wordCount":2344,"publisher":{"@id":"https:\/\/www.groupesenef.com\/#organization"},"image":{"@id":"https:\/\/www.groupesenef.com\/dematerialisation-des-factures-preparez-vous-avec-nos-solutions\/#primaryimage"},"thumbnailUrl":"https:\/\/www.groupesenef.com\/wp-content\/uploads\/2026\/03\/lukas-blazek-mcSDtbWXUZU-unsplash-scaled-e1774892860673.jpg","keywords":["Digitalisation","Entreprise","ERP","Logiciel de gestion"],"articleSection":["Article"],"inLanguage":"es"},{"@type":"WebPage","@id":"https:\/\/www.groupesenef.com\/dematerialisation-des-factures-preparez-vous-avec-nos-solutions\/","url":"https:\/\/www.groupesenef.com\/dematerialisation-des-factures-preparez-vous-avec-nos-solutions\/","name":"Digitalizar la gesti\u00f3n de su empresa","isPartOf":{"@id":"https:\/\/www.groupesenef.com\/#website"},"primaryImageOfPage":{"@id":"https:\/\/www.groupesenef.com\/dematerialisation-des-factures-preparez-vous-avec-nos-solutions\/#primaryimage"},"image":{"@id":"https:\/\/www.groupesenef.com\/dematerialisation-des-factures-preparez-vous-avec-nos-solutions\/#primaryimage"},"thumbnailUrl":"https:\/\/www.groupesenef.com\/wp-content\/uploads\/2026\/03\/lukas-blazek-mcSDtbWXUZU-unsplash-scaled-e1774892860673.jpg","datePublished":"2026-03-05T05:16:38+00:00","dateModified":"2026-04-29T13:49:37+00:00","description":"Digitalizar la gesti\u00f3n de su empresa puede mejorar su rendimiento. Descubra c\u00f3mo las soluciones de Groupe Senef pueden optimizar su negocio.","breadcrumb":{"@id":"https:\/\/www.groupesenef.com\/dematerialisation-des-factures-preparez-vous-avec-nos-solutions\/#breadcrumb"},"inLanguage":"es","potentialAction":[{"@type":"ReadAction","target":["https:\/\/www.groupesenef.com\/dematerialisation-des-factures-preparez-vous-avec-nos-solutions\/"]}]},{"@type":"ImageObject","inLanguage":"es","@id":"https:\/\/www.groupesenef.com\/dematerialisation-des-factures-preparez-vous-avec-nos-solutions\/#primaryimage","url":"https:\/\/www.groupesenef.com\/wp-content\/uploads\/2026\/03\/lukas-blazek-mcSDtbWXUZU-unsplash-scaled-e1774892860673.jpg","contentUrl":"https:\/\/www.groupesenef.com\/wp-content\/uploads\/2026\/03\/lukas-blazek-mcSDtbWXUZU-unsplash-scaled-e1774892860673.jpg","width":1617,"height":1693},{"@type":"BreadcrumbList","@id":"https:\/\/www.groupesenef.com\/dematerialisation-des-factures-preparez-vous-avec-nos-solutions\/#breadcrumb","itemListElement":[{"@type":"ListItem","position":1,"name":"Accueil","item":"https:\/\/www.groupesenef.com\/"},{"@type":"ListItem","position":2,"name":"Digitaliser la gestion d&rsquo;entreprise : un levier concret de gain de temps, de fiabilit\u00e9 et de performance"}]},{"@type":"WebSite","@id":"https:\/\/www.groupesenef.com\/#website","url":"https:\/\/www.groupesenef.com\/","name":"Grupo Senef","description":"","publisher":{"@id":"https:\/\/www.groupesenef.com\/#organization"},"potentialAction":[{"@type":"SearchAction","target":{"@type":"EntryPoint","urlTemplate":"https:\/\/www.groupesenef.com\/?s={search_term_string}"},"query-input":{"@type":"PropertyValueSpecification","valueRequired":true,"valueName":"search_term_string"}}],"inLanguage":"es"},{"@type":"Organization","@id":"https:\/\/www.groupesenef.com\/#organization","name":"Grupo Senef","url":"https:\/\/www.groupesenef.com\/","logo":{"@type":"ImageObject","inLanguage":"es","@id":"https:\/\/www.groupesenef.com\/#\/schema\/logo\/image\/","url":"https:\/\/www.groupesenef.com\/wp-content\/uploads\/2026\/02\/Calque_1-13.svg","contentUrl":"https:\/\/www.groupesenef.com\/wp-content\/uploads\/2026\/02\/Calque_1-13.svg","width":281,"height":49,"caption":"Groupe Senef"},"image":{"@id":"https:\/\/www.groupesenef.com\/#\/schema\/logo\/image\/"},"sameAs":["https:\/\/www.facebook.com\/groupesenef\/?locale=fr_FR"]},{"@type":"Person","@id":"https:\/\/www.groupesenef.com\/#\/schema\/person\/166dc65bc4310db101d3456bde59b135","name":"Laure","image":{"@type":"ImageObject","inLanguage":"es","@id":"https:\/\/secure.gravatar.com\/avatar\/df754be39fe587a2626c31f6bd41a0d96ac5954171da9a56191581b796fd1f25?s=96&d=mm&r=g","url":"https:\/\/secure.gravatar.com\/avatar\/df754be39fe587a2626c31f6bd41a0d96ac5954171da9a56191581b796fd1f25?s=96&d=mm&r=g","contentUrl":"https:\/\/secure.gravatar.com\/avatar\/df754be39fe587a2626c31f6bd41a0d96ac5954171da9a56191581b796fd1f25?s=96&d=mm&r=g","caption":"Laure"},"url":"https:\/\/www.groupesenef.com\/es\/author\/laure\/"}]}},"_links":{"self":[{"href":"https:\/\/www.groupesenef.com\/es\/wp-json\/wp\/v2\/posts\/12238","targetHints":{"allow":["GET"]}}],"collection":[{"href":"https:\/\/www.groupesenef.com\/es\/wp-json\/wp\/v2\/posts"}],"about":[{"href":"https:\/\/www.groupesenef.com\/es\/wp-json\/wp\/v2\/types\/post"}],"author":[{"embeddable":true,"href":"https:\/\/www.groupesenef.com\/es\/wp-json\/wp\/v2\/users\/2"}],"replies":[{"embeddable":true,"href":"https:\/\/www.groupesenef.com\/es\/wp-json\/wp\/v2\/comments?post=12238"}],"version-history":[{"count":10,"href":"https:\/\/www.groupesenef.com\/es\/wp-json\/wp\/v2\/posts\/12238\/revisions"}],"predecessor-version":[{"id":13985,"href":"https:\/\/www.groupesenef.com\/es\/wp-json\/wp\/v2\/posts\/12238\/revisions\/13985"}],"wp:featuredmedia":[{"embeddable":true,"href":"https:\/\/www.groupesenef.com\/es\/wp-json\/wp\/v2\/media\/13816"}],"wp:attachment":[{"href":"https:\/\/www.groupesenef.com\/es\/wp-json\/wp\/v2\/media?parent=12238"}],"wp:term":[{"taxonomy":"category","embeddable":true,"href":"https:\/\/www.groupesenef.com\/es\/wp-json\/wp\/v2\/categories?post=12238"},{"taxonomy":"post_tag","embeddable":true,"href":"https:\/\/www.groupesenef.com\/es\/wp-json\/wp\/v2\/tags?post=12238"}],"curies":[{"name":"wp","href":"https:\/\/api.w.org\/{rel}","templated":true}]}}