{"id":12752,"date":"2026-03-06T12:05:23","date_gmt":"2026-03-06T11:05:23","guid":{"rendered":"https:\/\/www.groupesenef.com\/?p=12752"},"modified":"2026-04-29T15:48:52","modified_gmt":"2026-04-29T13:48:52","slug":"revolutionize-scheduling-management-in-your-company-2","status":"publish","type":"post","link":"https:\/\/www.groupesenef.com\/en\/revolutionnez-la-gestion-des-plannings-dans-vos-entreprises-2\/","title":{"rendered":"Interclean: the leading international trade fair for professional cleaning and sanitation"},"content":{"rendered":"<p><\/p>\r\n<p><span style=\"font-weight: 400;\"><strong>As you know:<\/strong> the professional cleaning sector is constantly evolving. Between increased hygiene requirements, organizational changes, pressure on margins and ever higher customer expectations, companies must constantly adapt their practices. <\/span><\/p>\r\n<p><span style=\"font-weight: 400;\">In this context, certain events play a key role in supporting the development of players in the field. <\/span><\/p>\r\n<p><b><a href=\"https:\/\/www.intercleanshow.com\/amsterdam\/register\">Interclean<\/a> is one of those not-to-be-missed events<\/b><span style=\"font-weight: 400;\">. <\/span><\/p>\r\n<p><span style=\"font-weight: 400;\">Held in Amsterdam, this <\/span><b>international benchmark show<\/b><span style=\"font-weight: 400;\"> brings together the entire professional cleaning ecosystem to showcase the latest innovations, solutions and equipment on the market. <\/span><\/p>\r\n<p><span style=\"font-weight: 400;\">But what makes Interclean so special? <\/span><\/p>\r\n<p><span style=\"font-weight: 400;\">Why does it attract thousands of visitors and exhibitors from all over the world every year? <\/span><\/p>\r\n<p><span style=\"font-weight: 400;\">And <\/span><b>how it can really support the performance and evolution of a cleaning business<\/b><span style=\"font-weight: 400;\">\u00a0? Zoom in on a biennial highlight not to be missed. <\/span><\/p>\r\n<h2><strong>Interclean: definition and role of the show in the professional cleaning ecosystem<\/strong><\/h2>\r\n<p><span style=\"font-weight: 400;\">Interclean Amsterdam is now recognized as a <\/span><b>the world's largest and most influential trade show for cleaning, hygiene and professional cleaning services <\/b><span style=\"font-weight: 400;\">on an international scale.<\/span><\/p>\r\n<p><span style=\"font-weight: 400;\">A veritable crossroads of exchange and innovation, this major event brings together all industry players under one roof. The aim? Present the latest market advances, share best practices and anticipate future developments.<\/span><\/p>\r\n<p><span style=\"font-weight: 400;\">With <\/span><b>over 900 exhibitors<\/b><span style=\"font-weight: 400;\"> from all over the world and around <\/span><b>30,000 visitors<\/b><span style=\"font-weight: 400;\"> representing over <\/span><b>140 countries<\/b><span style=\"font-weight: 400;\">, Interclean has become the undisputed global benchmark for the cleaning industry.\u00a0<\/span><\/p>\r\n<p><span style=\"font-weight: 400;\">Beyond its commercial dimension, the show <\/span><b>plays a key role in the professionalization of the sector<\/b><span style=\"font-weight: 400;\">. It highlights cross-functional issues such as operational performance, digitalization of organizations, improved working conditions and sustainable development. In this way, Interclean is actively helping to shape the future of the cleaning industry.<\/span><\/p>\r\n<h3><strong>When does Interclean take place and how often?<\/strong><\/h3>\r\n<p><span style=\"font-weight: 400;\">The very first Interclean Amsterdam was held in 1967! Since then, the show has been held <\/span><b>every two years<\/b><span style=\"font-weight: 400;\">, traditionally in the <\/span><b>spring<\/b><span style=\"font-weight: 400;\">. This <\/span><b>biennial rhythm<\/b><span style=\"font-weight: 400;\"> enables exhibitors to present truly structuring innovations, while providing visitors with a clear vision of major market trends.<\/span><\/p>\r\n<p><span style=\"font-weight: 400;\">The next edition of this flagship event is scheduled from <\/span><b>April 14 to 17, 2026<\/b><span style=\"font-weight: 400;\">, and as every year, it will take place in the Dutch capital. The choice of\u2019<\/span><b>Amsterdam as host city <\/b><span style=\"font-weight: 400;\">is no mean feat. The metropolis offers exceptional accessibility thanks to its central position in Europe, its international Schiphol airport and its efficient transport network.<\/span><\/p>\r\n<p><span style=\"font-weight: 400;\">The <\/span><b>RAI Amsterdam Convention Centre<\/b><span style=\"font-weight: 400;\">, The exhibition center, where the event takes place, boasts a modern infrastructure spread over 12 exhibition halls. Enough to comfortably accommodate the thousands of visitors and exhibitors expected!<\/span><\/p>\r\n<h3><strong>What type of salon is Interclean?<\/strong><\/h3>\r\n<p><span style=\"font-weight: 400;\">Interclean is above all a <\/span><b>B2B (<\/b><b><i>Business to Business<\/i><\/b><b>)<\/b><span style=\"font-weight: 400;\">, designed to meet the specific needs of cleaning professionals.<\/span><\/p>\r\n<p><span style=\"font-weight: 400;\">Visit <\/span><b>profiles present<\/b><span style=\"font-weight: 400;\"> are varied:<\/span><\/p>\r\n<ul>\r\n<li style=\"font-weight: 400;\" aria-level=\"1\"><span style=\"font-weight: 400;\">directors and managers of cleaning companies;\u00a0<\/span><\/li>\r\n<li style=\"font-weight: 400;\" aria-level=\"1\"><span style=\"font-weight: 400;\">buyers and specifiers of cleaning services ;<\/span><\/li>\r\n<li style=\"font-weight: 400;\" aria-level=\"1\"><span style=\"font-weight: 400;\">manufacturers and distributors of equipment and products ;<\/span><\/li>\r\n<li style=\"font-weight: 400;\" aria-level=\"1\"><span style=\"font-weight: 400;\">building and facility management players;<\/span><\/li>\r\n<li style=\"font-weight: 400;\" aria-level=\"1\"><span style=\"font-weight: 400;\">hygiene and sanitation experts;<\/span><\/li>\r\n<li style=\"font-weight: 400;\" aria-level=\"1\"><span style=\"font-weight: 400;\">researchers and innovators in the sector.\u00a0<\/span><\/li>\r\n<\/ul>\r\n<p><span style=\"font-weight: 400;\">The event covers <\/span><b>all aspects of professional cleaning<\/b><span style=\"font-weight: 400;\">\u00a0:\u00a0<\/span><\/p>\r\n<ul>\r\n<li style=\"font-weight: 400;\" aria-level=\"1\"><span style=\"font-weight: 400;\">detergents and disinfectants ;\u00a0<\/span><\/li>\r\n<li style=\"font-weight: 400;\" aria-level=\"1\"><span style=\"font-weight: 400;\">material, equipment, machinery ;<\/span><\/li>\r\n<li style=\"font-weight: 400;\" aria-level=\"1\"><span style=\"font-weight: 400;\">health and hygiene ;\u00a0<\/span><\/li>\r\n<li style=\"font-weight: 400;\" aria-level=\"1\"><span style=\"font-weight: 400;\">steam and high-pressure cleaning ;\u00a0<\/span><\/li>\r\n<li style=\"font-weight: 400;\" aria-level=\"1\"><span style=\"font-weight: 400;\">sanitary ;\u00a0<\/span><\/li>\r\n<li style=\"font-weight: 400;\" aria-level=\"1\"><span style=\"font-weight: 400;\">window cleaning ;\u00a0<\/span><\/li>\r\n<li style=\"font-weight: 400;\" aria-level=\"1\"><span style=\"font-weight: 400;\">linen and textile care ;<\/span><\/li>\r\n<li style=\"font-weight: 400;\" aria-level=\"1\"><span style=\"font-weight: 400;\">data and technology.\u00a0<\/span><\/li>\r\n<\/ul>\r\n<p><span style=\"font-weight: 400;\">In terms of organization, Interclean has <\/span><b>dedicated zones for each of these segments<\/b><span style=\"font-weight: 400;\"> to facilitate targeted exchanges and the discovery of relevant offers according to activities.\u00a0<\/span><\/p>\r\n<p><span style=\"font-weight: 400;\">This global approach is ideal for giving visitors a complete picture of the market and enabling them to identify solutions tailored to their specific challenges!<\/span><\/p>\r\n<h3><strong>What you'll find at Interclean: innovations, solutions and industry trends<\/strong><\/h3>\r\n<p><span style=\"font-weight: 400;\">Interclean is first and foremost a <\/span><b>a formidable showcase for the latest trends in professional cleaning<\/b><span style=\"font-weight: 400;\">. The show highlights concrete innovations designed to improve performance, service quality and working conditions.<\/span><\/p>\r\n<p><span style=\"font-weight: 400;\">Among the <\/span><b>major trends observed<\/b><span style=\"font-weight: 400;\"> appear :<\/span><\/p>\r\n<ul>\r\n<li style=\"font-weight: 400;\" aria-level=\"1\"><span style=\"font-weight: 400;\">robotization and automation of cleaning tasks;<\/span><\/li>\r\n<li style=\"font-weight: 400;\" aria-level=\"1\"><span style=\"font-weight: 400;\">connected solutions and the use of data;<\/span><\/li>\r\n<li style=\"font-weight: 400;\" aria-level=\"1\"><span style=\"font-weight: 400;\">intelligent resource management systems ;\u00a0<\/span><\/li>\r\n<li style=\"font-weight: 400;\" aria-level=\"1\"><span style=\"font-weight: 400;\">ergonomic equipment to enhance team safety and comfort;<\/span><\/li>\r\n<li style=\"font-weight: 400;\" aria-level=\"1\"><span style=\"font-weight: 400;\">environmentally-friendly products and approaches;<\/span><\/li>\r\n<li style=\"font-weight: 400;\" aria-level=\"1\"><span style=\"font-weight: 400;\">advances in sanitary hygiene and disinfection;<\/span><\/li>\r\n<li style=\"font-weight: 400;\" aria-level=\"1\"><span style=\"font-weight: 400;\">new approaches to building maintenance and management.<\/span><\/li>\r\n<\/ul>\r\n<p><span style=\"font-weight: 400;\">The show also offers a rich program of more than <\/span><b>100 conferences, demonstrations and interactive workshops<\/b><span style=\"font-weight: 400;\">. These highlights enable visitors to deepen their knowledge, take a step back, analyze changes in the sector and feed their strategic thinking.<\/span><\/p>\r\n<p><span style=\"font-weight: 400;\">Visit <\/span><b>Amsterdam Innovation Awards<\/b><span style=\"font-weight: 400;\"> are awarded to the most promising solutions on the market.<\/span><\/p>\r\n<p><span style=\"font-weight: 400;\">Taking part in Interclean means benefiting from a concentration of international expertise in a single location, with an eye to the future. <\/span><\/p>\r\n<p><span style=\"font-weight: 400;\">How can we fail to see this as a lever for accelerating our development?<\/span><\/p>\r\n<h3><strong>Why visit Interclean if you run or are developing a cleaning business?<\/strong><\/h3>\r\n<p><span style=\"font-weight: 400;\">The question to ask is this: <\/span><b>In a competitive and ever-changing environment, is it really possible to miss out on such an event? <\/b><span style=\"font-weight: 400;\">It's no secret that Interclean represents a strategic opportunity not to be missed by cleaning company directors and managers.<\/span><\/p>\r\n<p><span style=\"font-weight: 400;\">Visiting the show is all about <\/span><b>access a complete watch<\/b><span style=\"font-weight: 400;\"> on the latest offers, equipment and solutions available worldwide. It's also an opportunity to compare, question and anticipate market trends. Interclean Amsterdam is a veritable laboratory of ideas. It's teeming with innovations that can considerably improve the daily lives of cleaning companies and their teams!\u00a0<\/span><\/p>\r\n<p><span style=\"font-weight: 400;\">Interclean <\/span><b>also encourages business development and professional networking.<\/b><span style=\"font-weight: 400;\"> Meetings with other visitors, exhibitors and potential partners enable us to forge lasting relationships, identify new opportunities and better understand customer expectations.\u00a0<\/span><\/p>\r\n<p><span style=\"font-weight: 400;\">Finally, the show offers a <\/span><b>strategic breathing time<\/b><span style=\"font-weight: 400;\">. By taking a step back from your business, drawing inspiration from observed practices and exchanging ideas with experts, it becomes easier to structure a clear, long-term vision for your company.<\/span><\/p>\r\n<p><span style=\"font-weight: 400;\">A single visit for multiple, substantial benefits! <\/span><\/p>\r\n<h3><strong>Progiclean, a Groupe Senef brand, at Interclean: supporting the performance of cleaning companies<\/strong><\/h3>\r\n<p><span style=\"font-weight: 400;\">At the next edition of Interclean Amsterdam, <\/span><b><a href=\"https:\/\/www.progiclean.com\/\">Progiclean<\/a> will be present on stand 05.519<\/b><span style=\"font-weight: 400;\">. The aim is not to make more promises, but to provide concrete answers to the issues observed in the field and during previous editions.<\/span><\/p>\r\n<p><span style=\"font-weight: 400;\">Developed by Groupe Senef, Progiclean is a <\/span><b>solution designed to structure, manage and develop a cleaning and multiservice business<\/b><span style=\"font-weight: 400;\">. This 100 % web software centralizes all key processes: sales management, scheduling, service monitoring, invoicing, human resources and customer relations.<\/span><\/p>\r\n<p><span style=\"font-weight: 400;\">Our approach is fully in line with the dynamic promoted by Interclean. Organization, performance, service reliability and optimized working conditions are all subjects at the heart of the concerns of visitors to the show.<\/span><\/p>\r\n<p><span style=\"font-weight: 400;\">Progiclean responds to these challenges by offering a <\/span><b>structuring system<\/b><span style=\"font-weight: 400;\">, a company capable of supporting the growth and transformation of cleaning companies. Its <\/span><b>native integration with Silae simplifies payroll management, <\/b><span style=\"font-weight: 400;\">a strategic point in a sector heavily dependent on human resources.<\/span><\/p>\r\n<p><span style=\"font-weight: 400;\">Technological innovations aside, one thing is clear: a tool without in-depth knowledge of business issues is not enough. These are <\/span><b>expertise, in-depth understanding of field practices and long-term support<\/b><span style=\"font-weight: 400;\"> that turn a solution into a real performance driver.<\/span><\/p>\r\n<p><strong>Visit us on stand 05.519 at Interclean Amsterdam, from April 14 to 17, to find out how Progiclean is responding to the changing needs of the cleaning sector!<\/strong><\/p>\r\n<p><strong>To contact us, click here:<\/strong> <a href=\"mailto:Marketing@groupesenef.com\">Marketing@groupesenef.com<\/a><\/p>\r\n<p><a href=\"https:\/\/www.linkedin.com\/company\/groupe-senef\/posts\/?feedView=all\">Follow us on LinkedIn\u00a0<\/a><\/p>\r\n<p><\/p>","protected":false},"excerpt":{"rendered":"<p>Interclean Amsterdam is now recognized as the world's largest and most influential trade fair for cleaning, hygiene and professional cleaning services.<\/p>","protected":false},"author":2,"featured_media":13954,"comment_status":"closed","ping_status":"open","sticky":false,"template":"","format":"gallery","meta":{"_acf_changed":false,"footnotes":""},"categories":[55],"tags":[70,71,69],"class_list":["post-12752","post","type-post","status-publish","format-gallery","has-post-thumbnail","hentry","category-evenement","tag-interclean","tag-progiclean","tag-salon","post_format-post-format-gallery"],"acf":[],"yoast_head":"<!-- This site is optimized with the Yoast SEO plugin v27.4 - https:\/\/yoast.com\/product\/yoast-seo-wordpress\/ -->\n<title>Interclean : le salon international du nettoyage professionnel<\/title>\n<meta name=\"description\" content=\"D\u00e9couvrez Interclean, le salon international de r\u00e9f\u00e9rence pour le nettoyage professionnel - Retrouvez Progiclean Stand 05.519\" \/>\n<meta name=\"robots\" content=\"index, follow, max-snippet:-1, max-image-preview:large, max-video-preview:-1\" \/>\n<link rel=\"canonical\" href=\"https:\/\/www.groupesenef.com\/en\/revolutionize-scheduling-management-in-your-company-2\/\" \/>\n<meta property=\"og:locale\" content=\"en_US\" \/>\n<meta property=\"og:type\" content=\"article\" \/>\n<meta property=\"og:title\" content=\"Interclean : le salon international du nettoyage professionnel\" \/>\n<meta property=\"og:description\" content=\"D\u00e9couvrez Interclean, le salon international de r\u00e9f\u00e9rence pour le nettoyage professionnel - Retrouvez Progiclean Stand 05.519\" \/>\n<meta property=\"og:url\" content=\"https:\/\/www.groupesenef.com\/en\/revolutionize-scheduling-management-in-your-company-2\/\" \/>\n<meta property=\"og:site_name\" content=\"Groupe Senef\" \/>\n<meta property=\"article:publisher\" content=\"https:\/\/www.facebook.com\/groupesenef\/?locale=fr_FR\" \/>\n<meta property=\"article:published_time\" content=\"2026-03-06T11:05:23+00:00\" \/>\n<meta property=\"article:modified_time\" content=\"2026-04-29T13:48:52+00:00\" \/>\n<meta property=\"og:image\" content=\"https:\/\/www.groupesenef.com\/wp-content\/uploads\/2026\/03\/Visuelintercleanwordpres-e1774892762342.png\" \/>\n\t<meta property=\"og:image:width\" content=\"450\" \/>\n\t<meta property=\"og:image:height\" content=\"400\" \/>\n\t<meta property=\"og:image:type\" content=\"image\/png\" \/>\n<meta name=\"author\" content=\"Laure\" \/>\n<meta name=\"twitter:card\" content=\"summary_large_image\" \/>\n<meta name=\"twitter:label1\" content=\"Written by\" \/>\n\t<meta name=\"twitter:data1\" content=\"Laure\" \/>\n\t<meta name=\"twitter:label2\" content=\"Est. reading time\" \/>\n\t<meta name=\"twitter:data2\" content=\"7 minutes\" \/>\n<script type=\"application\/ld+json\" class=\"yoast-schema-graph\">{\"@context\":\"https:\\\/\\\/schema.org\",\"@graph\":[{\"@type\":\"Article\",\"@id\":\"https:\\\/\\\/www.groupesenef.com\\\/revolutionnez-la-gestion-des-plannings-dans-vos-entreprises-2\\\/#article\",\"isPartOf\":{\"@id\":\"https:\\\/\\\/www.groupesenef.com\\\/revolutionnez-la-gestion-des-plannings-dans-vos-entreprises-2\\\/\"},\"author\":{\"name\":\"Laure\",\"@id\":\"https:\\\/\\\/www.groupesenef.com\\\/#\\\/schema\\\/person\\\/166dc65bc4310db101d3456bde59b135\"},\"headline\":\"Interclean : le salon international de r\u00e9f\u00e9rence pour le nettoyage et la propret\u00e9 professionnelle\",\"datePublished\":\"2026-03-06T11:05:23+00:00\",\"dateModified\":\"2026-04-29T13:48:52+00:00\",\"mainEntityOfPage\":{\"@id\":\"https:\\\/\\\/www.groupesenef.com\\\/revolutionnez-la-gestion-des-plannings-dans-vos-entreprises-2\\\/\"},\"wordCount\":1464,\"publisher\":{\"@id\":\"https:\\\/\\\/www.groupesenef.com\\\/#organization\"},\"image\":{\"@id\":\"https:\\\/\\\/www.groupesenef.com\\\/revolutionnez-la-gestion-des-plannings-dans-vos-entreprises-2\\\/#primaryimage\"},\"thumbnailUrl\":\"https:\\\/\\\/www.groupesenef.com\\\/wp-content\\\/uploads\\\/2026\\\/03\\\/Visuelintercleanwordpres-e1774892762342.png\",\"keywords\":[\"Interclean\",\"Progiclean\",\"Salon\"],\"articleSection\":[\"Evenement\"],\"inLanguage\":\"en-US\"},{\"@type\":\"WebPage\",\"@id\":\"https:\\\/\\\/www.groupesenef.com\\\/revolutionnez-la-gestion-des-plannings-dans-vos-entreprises-2\\\/\",\"url\":\"https:\\\/\\\/www.groupesenef.com\\\/revolutionnez-la-gestion-des-plannings-dans-vos-entreprises-2\\\/\",\"name\":\"Interclean : le salon international du nettoyage professionnel\",\"isPartOf\":{\"@id\":\"https:\\\/\\\/www.groupesenef.com\\\/#website\"},\"primaryImageOfPage\":{\"@id\":\"https:\\\/\\\/www.groupesenef.com\\\/revolutionnez-la-gestion-des-plannings-dans-vos-entreprises-2\\\/#primaryimage\"},\"image\":{\"@id\":\"https:\\\/\\\/www.groupesenef.com\\\/revolutionnez-la-gestion-des-plannings-dans-vos-entreprises-2\\\/#primaryimage\"},\"thumbnailUrl\":\"https:\\\/\\\/www.groupesenef.com\\\/wp-content\\\/uploads\\\/2026\\\/03\\\/Visuelintercleanwordpres-e1774892762342.png\",\"datePublished\":\"2026-03-06T11:05:23+00:00\",\"dateModified\":\"2026-04-29T13:48:52+00:00\",\"description\":\"D\u00e9couvrez Interclean, le salon international de r\u00e9f\u00e9rence pour le nettoyage professionnel - Retrouvez Progiclean Stand 05.519\",\"breadcrumb\":{\"@id\":\"https:\\\/\\\/www.groupesenef.com\\\/revolutionnez-la-gestion-des-plannings-dans-vos-entreprises-2\\\/#breadcrumb\"},\"inLanguage\":\"en-US\",\"potentialAction\":[{\"@type\":\"ReadAction\",\"target\":[\"https:\\\/\\\/www.groupesenef.com\\\/revolutionnez-la-gestion-des-plannings-dans-vos-entreprises-2\\\/\"]}]},{\"@type\":\"ImageObject\",\"inLanguage\":\"en-US\",\"@id\":\"https:\\\/\\\/www.groupesenef.com\\\/revolutionnez-la-gestion-des-plannings-dans-vos-entreprises-2\\\/#primaryimage\",\"url\":\"https:\\\/\\\/www.groupesenef.com\\\/wp-content\\\/uploads\\\/2026\\\/03\\\/Visuelintercleanwordpres-e1774892762342.png\",\"contentUrl\":\"https:\\\/\\\/www.groupesenef.com\\\/wp-content\\\/uploads\\\/2026\\\/03\\\/Visuelintercleanwordpres-e1774892762342.png\",\"width\":450,\"height\":400},{\"@type\":\"BreadcrumbList\",\"@id\":\"https:\\\/\\\/www.groupesenef.com\\\/revolutionnez-la-gestion-des-plannings-dans-vos-entreprises-2\\\/#breadcrumb\",\"itemListElement\":[{\"@type\":\"ListItem\",\"position\":1,\"name\":\"Accueil\",\"item\":\"https:\\\/\\\/www.groupesenef.com\\\/\"},{\"@type\":\"ListItem\",\"position\":2,\"name\":\"Interclean : le salon international de r\u00e9f\u00e9rence pour le nettoyage et la propret\u00e9 professionnelle\"}]},{\"@type\":\"WebSite\",\"@id\":\"https:\\\/\\\/www.groupesenef.com\\\/#website\",\"url\":\"https:\\\/\\\/www.groupesenef.com\\\/\",\"name\":\"Groupe Senef\",\"description\":\"\",\"publisher\":{\"@id\":\"https:\\\/\\\/www.groupesenef.com\\\/#organization\"},\"potentialAction\":[{\"@type\":\"SearchAction\",\"target\":{\"@type\":\"EntryPoint\",\"urlTemplate\":\"https:\\\/\\\/www.groupesenef.com\\\/?s={search_term_string}\"},\"query-input\":{\"@type\":\"PropertyValueSpecification\",\"valueRequired\":true,\"valueName\":\"search_term_string\"}}],\"inLanguage\":\"en-US\"},{\"@type\":\"Organization\",\"@id\":\"https:\\\/\\\/www.groupesenef.com\\\/#organization\",\"name\":\"Groupe Senef\",\"url\":\"https:\\\/\\\/www.groupesenef.com\\\/\",\"logo\":{\"@type\":\"ImageObject\",\"inLanguage\":\"en-US\",\"@id\":\"https:\\\/\\\/www.groupesenef.com\\\/#\\\/schema\\\/logo\\\/image\\\/\",\"url\":\"https:\\\/\\\/www.groupesenef.com\\\/wp-content\\\/uploads\\\/2026\\\/02\\\/Calque_1-13.svg\",\"contentUrl\":\"https:\\\/\\\/www.groupesenef.com\\\/wp-content\\\/uploads\\\/2026\\\/02\\\/Calque_1-13.svg\",\"width\":281,\"height\":49,\"caption\":\"Groupe Senef\"},\"image\":{\"@id\":\"https:\\\/\\\/www.groupesenef.com\\\/#\\\/schema\\\/logo\\\/image\\\/\"},\"sameAs\":[\"https:\\\/\\\/www.facebook.com\\\/groupesenef\\\/?locale=fr_FR\"]},{\"@type\":\"Person\",\"@id\":\"https:\\\/\\\/www.groupesenef.com\\\/#\\\/schema\\\/person\\\/166dc65bc4310db101d3456bde59b135\",\"name\":\"Laure\",\"image\":{\"@type\":\"ImageObject\",\"inLanguage\":\"en-US\",\"@id\":\"https:\\\/\\\/secure.gravatar.com\\\/avatar\\\/df754be39fe587a2626c31f6bd41a0d96ac5954171da9a56191581b796fd1f25?s=96&d=mm&r=g\",\"url\":\"https:\\\/\\\/secure.gravatar.com\\\/avatar\\\/df754be39fe587a2626c31f6bd41a0d96ac5954171da9a56191581b796fd1f25?s=96&d=mm&r=g\",\"contentUrl\":\"https:\\\/\\\/secure.gravatar.com\\\/avatar\\\/df754be39fe587a2626c31f6bd41a0d96ac5954171da9a56191581b796fd1f25?s=96&d=mm&r=g\",\"caption\":\"Laure\"},\"url\":\"https:\\\/\\\/www.groupesenef.com\\\/en\\\/author\\\/laure\\\/\"}]}<\/script>\n<!-- \/ Yoast SEO plugin. -->","yoast_head_json":{"title":"Interclean: The International Professional Cleaning Trade Show","description":"Discover Interclean, the leading international trade show for professional cleaning - Find Progiclean at Stand 05.519","robots":{"index":"index","follow":"follow","max-snippet":"max-snippet:-1","max-image-preview":"max-image-preview:large","max-video-preview":"max-video-preview:-1"},"canonical":"https:\/\/www.groupesenef.com\/en\/revolutionize-scheduling-management-in-your-company-2\/","og_locale":"en_US","og_type":"article","og_title":"Interclean : le salon international du nettoyage professionnel","og_description":"D\u00e9couvrez Interclean, le salon international de r\u00e9f\u00e9rence pour le nettoyage professionnel - Retrouvez Progiclean Stand 05.519","og_url":"https:\/\/www.groupesenef.com\/en\/revolutionize-scheduling-management-in-your-company-2\/","og_site_name":"Groupe Senef","article_publisher":"https:\/\/www.facebook.com\/groupesenef\/?locale=fr_FR","article_published_time":"2026-03-06T11:05:23+00:00","article_modified_time":"2026-04-29T13:48:52+00:00","og_image":[{"width":450,"height":400,"url":"https:\/\/www.groupesenef.com\/wp-content\/uploads\/2026\/03\/Visuelintercleanwordpres-e1774892762342.png","type":"image\/png"}],"author":"Laure","twitter_card":"summary_large_image","twitter_misc":{"Written by":"Laure","Est. reading time":"7 minutes"},"schema":{"@context":"https:\/\/schema.org","@graph":[{"@type":"Article","@id":"https:\/\/www.groupesenef.com\/revolutionnez-la-gestion-des-plannings-dans-vos-entreprises-2\/#article","isPartOf":{"@id":"https:\/\/www.groupesenef.com\/revolutionnez-la-gestion-des-plannings-dans-vos-entreprises-2\/"},"author":{"name":"Laure","@id":"https:\/\/www.groupesenef.com\/#\/schema\/person\/166dc65bc4310db101d3456bde59b135"},"headline":"Interclean : le salon international de r\u00e9f\u00e9rence pour le nettoyage et la propret\u00e9 professionnelle","datePublished":"2026-03-06T11:05:23+00:00","dateModified":"2026-04-29T13:48:52+00:00","mainEntityOfPage":{"@id":"https:\/\/www.groupesenef.com\/revolutionnez-la-gestion-des-plannings-dans-vos-entreprises-2\/"},"wordCount":1464,"publisher":{"@id":"https:\/\/www.groupesenef.com\/#organization"},"image":{"@id":"https:\/\/www.groupesenef.com\/revolutionnez-la-gestion-des-plannings-dans-vos-entreprises-2\/#primaryimage"},"thumbnailUrl":"https:\/\/www.groupesenef.com\/wp-content\/uploads\/2026\/03\/Visuelintercleanwordpres-e1774892762342.png","keywords":["Interclean","Progiclean","Salon"],"articleSection":["Evenement"],"inLanguage":"en-US"},{"@type":"WebPage","@id":"https:\/\/www.groupesenef.com\/revolutionnez-la-gestion-des-plannings-dans-vos-entreprises-2\/","url":"https:\/\/www.groupesenef.com\/revolutionnez-la-gestion-des-plannings-dans-vos-entreprises-2\/","name":"Interclean: The International Professional Cleaning Trade Show","isPartOf":{"@id":"https:\/\/www.groupesenef.com\/#website"},"primaryImageOfPage":{"@id":"https:\/\/www.groupesenef.com\/revolutionnez-la-gestion-des-plannings-dans-vos-entreprises-2\/#primaryimage"},"image":{"@id":"https:\/\/www.groupesenef.com\/revolutionnez-la-gestion-des-plannings-dans-vos-entreprises-2\/#primaryimage"},"thumbnailUrl":"https:\/\/www.groupesenef.com\/wp-content\/uploads\/2026\/03\/Visuelintercleanwordpres-e1774892762342.png","datePublished":"2026-03-06T11:05:23+00:00","dateModified":"2026-04-29T13:48:52+00:00","description":"Discover Interclean, the leading international trade show for professional cleaning - Find Progiclean at Stand 05.519","breadcrumb":{"@id":"https:\/\/www.groupesenef.com\/revolutionnez-la-gestion-des-plannings-dans-vos-entreprises-2\/#breadcrumb"},"inLanguage":"en-US","potentialAction":[{"@type":"ReadAction","target":["https:\/\/www.groupesenef.com\/revolutionnez-la-gestion-des-plannings-dans-vos-entreprises-2\/"]}]},{"@type":"ImageObject","inLanguage":"en-US","@id":"https:\/\/www.groupesenef.com\/revolutionnez-la-gestion-des-plannings-dans-vos-entreprises-2\/#primaryimage","url":"https:\/\/www.groupesenef.com\/wp-content\/uploads\/2026\/03\/Visuelintercleanwordpres-e1774892762342.png","contentUrl":"https:\/\/www.groupesenef.com\/wp-content\/uploads\/2026\/03\/Visuelintercleanwordpres-e1774892762342.png","width":450,"height":400},{"@type":"BreadcrumbList","@id":"https:\/\/www.groupesenef.com\/revolutionnez-la-gestion-des-plannings-dans-vos-entreprises-2\/#breadcrumb","itemListElement":[{"@type":"ListItem","position":1,"name":"Accueil","item":"https:\/\/www.groupesenef.com\/"},{"@type":"ListItem","position":2,"name":"Interclean : le salon international de r\u00e9f\u00e9rence pour le nettoyage et la propret\u00e9 professionnelle"}]},{"@type":"WebSite","@id":"https:\/\/www.groupesenef.com\/#website","url":"https:\/\/www.groupesenef.com\/","name":"Senef Group","description":"","publisher":{"@id":"https:\/\/www.groupesenef.com\/#organization"},"potentialAction":[{"@type":"SearchAction","target":{"@type":"EntryPoint","urlTemplate":"https:\/\/www.groupesenef.com\/?s={search_term_string}"},"query-input":{"@type":"PropertyValueSpecification","valueRequired":true,"valueName":"search_term_string"}}],"inLanguage":"en-US"},{"@type":"Organization","@id":"https:\/\/www.groupesenef.com\/#organization","name":"Senef Group","url":"https:\/\/www.groupesenef.com\/","logo":{"@type":"ImageObject","inLanguage":"en-US","@id":"https:\/\/www.groupesenef.com\/#\/schema\/logo\/image\/","url":"https:\/\/www.groupesenef.com\/wp-content\/uploads\/2026\/02\/Calque_1-13.svg","contentUrl":"https:\/\/www.groupesenef.com\/wp-content\/uploads\/2026\/02\/Calque_1-13.svg","width":281,"height":49,"caption":"Groupe Senef"},"image":{"@id":"https:\/\/www.groupesenef.com\/#\/schema\/logo\/image\/"},"sameAs":["https:\/\/www.facebook.com\/groupesenef\/?locale=fr_FR"]},{"@type":"Person","@id":"https:\/\/www.groupesenef.com\/#\/schema\/person\/166dc65bc4310db101d3456bde59b135","name":"Laure","image":{"@type":"ImageObject","inLanguage":"en-US","@id":"https:\/\/secure.gravatar.com\/avatar\/df754be39fe587a2626c31f6bd41a0d96ac5954171da9a56191581b796fd1f25?s=96&d=mm&r=g","url":"https:\/\/secure.gravatar.com\/avatar\/df754be39fe587a2626c31f6bd41a0d96ac5954171da9a56191581b796fd1f25?s=96&d=mm&r=g","contentUrl":"https:\/\/secure.gravatar.com\/avatar\/df754be39fe587a2626c31f6bd41a0d96ac5954171da9a56191581b796fd1f25?s=96&d=mm&r=g","caption":"Laure"},"url":"https:\/\/www.groupesenef.com\/en\/author\/laure\/"}]}},"_links":{"self":[{"href":"https:\/\/www.groupesenef.com\/en\/wp-json\/wp\/v2\/posts\/12752","targetHints":{"allow":["GET"]}}],"collection":[{"href":"https:\/\/www.groupesenef.com\/en\/wp-json\/wp\/v2\/posts"}],"about":[{"href":"https:\/\/www.groupesenef.com\/en\/wp-json\/wp\/v2\/types\/post"}],"author":[{"embeddable":true,"href":"https:\/\/www.groupesenef.com\/en\/wp-json\/wp\/v2\/users\/2"}],"replies":[{"embeddable":true,"href":"https:\/\/www.groupesenef.com\/en\/wp-json\/wp\/v2\/comments?post=12752"}],"version-history":[{"count":5,"href":"https:\/\/www.groupesenef.com\/en\/wp-json\/wp\/v2\/posts\/12752\/revisions"}],"predecessor-version":[{"id":13955,"href":"https:\/\/www.groupesenef.com\/en\/wp-json\/wp\/v2\/posts\/12752\/revisions\/13955"}],"wp:featuredmedia":[{"embeddable":true,"href":"https:\/\/www.groupesenef.com\/en\/wp-json\/wp\/v2\/media\/13954"}],"wp:attachment":[{"href":"https:\/\/www.groupesenef.com\/en\/wp-json\/wp\/v2\/media?parent=12752"}],"wp:term":[{"taxonomy":"category","embeddable":true,"href":"https:\/\/www.groupesenef.com\/en\/wp-json\/wp\/v2\/categories?post=12752"},{"taxonomy":"post_tag","embeddable":true,"href":"https:\/\/www.groupesenef.com\/en\/wp-json\/wp\/v2\/tags?post=12752"}],"curies":[{"name":"wp","href":"https:\/\/api.w.org\/{rel}","templated":true}]}}